{"id":4012,"date":"2024-12-13T12:51:09","date_gmt":"2024-12-13T10:51:09","guid":{"rendered":"https:\/\/petrock.pl\/?p=4012"},"modified":"2024-12-17T16:47:03","modified_gmt":"2024-12-17T14:47:03","slug":"pawel-hajnos-hajnowski-1974-2024","status":"publish","type":"post","link":"http:\/\/petrock.pl\/?p=4012","title":{"rendered":"Pawe\u0142 &#8220;Hajno\u015b&#8221; Hajnowski (1974 &#8211; 2024)"},"content":{"rendered":"\n<p>W najbli\u017cszy czwartek (19 grudnia) o godz 14:00 na cmentarzu rzymsko &#8211; katolickim przy ulicy Kobyli\u0144skiego w P\u0142ocku, po\u017cegnamy Paw\u0142a &#8220;Hajnosia&#8221; Hajnowskiego ex gitarzyst\u0119 zespo\u0142u Strajk z kt\u00f3rym nagra\u0142 m.in. legendarn\u0105 p\u0142yt\u0119 &#8220;Nie p\u00f3jdziemy&#8221; oraz &#8220;Lustro&#8221;. Ostatnimi nagraniami Paw\u0142a by\u0142a wydana w 2004 roku po\u017cegnalna p\u0142yta zespo\u0142u &#8220;Si\u0142a w nas&#8221;. Od tamtej pory nie by\u0142 aktywny muzycznie jednak to nie oznacza, \u017ce nie interesowa\u0142 si\u0119 muzyk\u0105. Zosta\u0142 kamerzyst\u0105 w p\u0142ockiej telewizji Szel-Sat, gdzie m.in. kr\u0119ci\u0142 relacj\u0119 z koncert\u00f3w odbywaj\u0105cych si\u0119 w naszym mie\u015bcie. Po przej\u0119ciu telewizji kablowej przez wi\u0119kszego gracza, dla Paw\u0142a nie by\u0142o ju\u017c miejsca. Postanowi\u0142 wyjecha\u0107 z miasta, z kraju za lepszym \u017cyciem. Osiad\u0142 na wyspach brytyjskich i tam do\u017cy\u0142 ostatnich chwil.<\/p>\n\n\n\n<p>W mojej pami\u0119ci pozostanie jako ch\u0142opak, kt\u00f3ry zarazi\u0142 niemal p\u00f3\u0142 bloku (byli\u015bmy s\u0105siadami) mi\u0142o\u015bci\u0105 do punk rocka. My\u015bl\u0119, \u017ce do\u0142o\u017cy\u0142 spor\u0105 cegie\u0142k\u0119 do zainspirowania ch\u0142opak\u00f3w z Jachowicza 35, by te\u017c chwycili za instrumenty i zacz\u0119li muzykowa\u0107. Adam &#8220;Duken&#8221; Przemy\u0142ski zacz\u0105\u0142 gra\u0107 na perkusji i do dnia dzisiejszego wyst\u0119puje w zespole Podw\u00f3rkowi Chuligani. Wcze\u015bniej razem z bratem Paw\u0142a &#8211; Tomkiem (Kub\u0105), utworzyli post punkowy zesp\u00f3\u0142 Doctors. Tomek zreszt\u0105 te\u017c przez moment gra\u0142 w zespole STRAJK. By\u0142 Ada\u015b z pierwszej klatki, kt\u00f3ry gra\u0142 na wio\u015ble, Piotrek, kt\u00f3ry zosta\u0142 basist\u0105 punk rockowego bandu i nie ukrywam, \u017ce dla mnie w tamtym momencie Pawe\u0142 by\u0142 r\u00f3wnie\u017c du\u017cym autorytetem muzycznym&#8230; baaaa&#8230; kolesiem kt\u00f3ry gra\u0142 w STRAJKu, a wtedy dla mnie by\u0142o to co\u015b. Te\u017c tak chcia\u0142em. Jednak znajomo\u015b\u0107 z Paw\u0142em z racji r\u00f3\u017cnicy wieku i pewnie mojej nie\u015bmia\u0142o\u015bci ogranicza\u0142a si\u0119 do zwyk\u0142ego &#8220;cze\u015b\u0107-cze\u015b\u0107&#8221;. <\/p>\n\n\n\n<p>W zwi\u0105zku z tym postanowi\u0142em wypyta\u0107 si\u0119 tych, kt\u00f3ry wychowali si\u0119 z Paw\u0142em, znali si\u0119 z czas\u00f3w gry w zespole Strajk, odwiedzali pub Grodzki (gdzie przez moment Pawe\u0142 by\u0142 barmanem), pracowali w telewizji Szel-Sat, oraz przebywali z nim na obczy\u017anie o ich wspomnienia i historie zwi\u0105zane z Paw\u0142em.<\/p>\n\n\n\n<figure class=\"is-layout-flex wp-block-gallery-1 wp-block-gallery has-nested-images columns-default is-cropped\">\n<figure class=\"wp-block-image size-large\"><a href=\"https:\/\/petrock.pl\/wp-content\/uploads\/2024\/12\/strajk-1992.jpg\"><img decoding=\"async\" loading=\"lazy\" width=\"792\" height=\"540\" data-id=\"4072\"  src=\"https:\/\/petrock.pl\/wp-content\/uploads\/2024\/12\/strajk-1992.jpg\" alt=\"\" class=\"wp-image-4072\" srcset=\"http:\/\/petrock.pl\/wp-content\/uploads\/2024\/12\/strajk-1992.jpg 792w, http:\/\/petrock.pl\/wp-content\/uploads\/2024\/12\/strajk-1992-300x205.jpg 300w, http:\/\/petrock.pl\/wp-content\/uploads\/2024\/12\/strajk-1992-768x524.jpg 768w\" sizes=\"(max-width: 792px) 100vw, 792px\" \/><\/a><figcaption class=\"wp-element-caption\"><em>zesp\u00f3\u0142 Strajk (1992r.), zdj\u0119cie dzi\u0119ki uprzejmo\u015bci Wojciecha Wojdy<\/em><\/figcaption><\/figure>\n<\/figure>\n\n\n\n<p><strong>Konrad Wojda (wsp\u00f3\u0142za\u0142o\u017cyciel zespo\u0142u STRAJK, obecnie gitarzysta Farben Lehre)<\/strong><\/p>\n\n\n\n<p>&#8220;Strajk za\u0142o\u017cyli\u015bmy we trzech: Ja, Franek i Artek. Byli\u015bmy wtedy dzieciakami. Ja mia\u0142em 15 lat, Franek 16lat. Chcieli\u015bmy tak jak m\u00f3j brat Wojtek gra\u0107 i mie\u0107 w\u0142asny zesp\u00f3\u0142. Bardzo nam si\u0119 to wtedy podoba\u0142o. Ja by\u0142em jedynym umiej\u0105cym gra\u0107 na instrumencie. Postanowili\u015bmy poszuka\u0107 wi\u0119c gitarzysty. Kto\u015b nam poleci\u0142, \u017ceby p\u00f3j\u015b\u0107 do kolesia Mariusza Zalewskiego. Jego poznali\u015bmy pierwszego. Pokaza\u0142 nam kilku gitarzyst\u00f3w, ale nikt nie chcia\u0142 z nami pogra\u0107. Mariusz gra\u0142 wtedy z Hajnosiem w kapeli Belweder. Oni nie mieli basisty, my gitarzysty, wiec wymy\u015bli\u0142em, \u017ce ja pogram na basie w Belwederze, a Hajno\u015b z nami. Trwa\u0142o to bardzo kr\u00f3tki okres, bo za chwil\u0119 znowu zostali\u015bmy bez gitarzysty. Jednak chwil\u0119 p\u00f3\u017aniej Hajno\u015b odszed\u0142 definitywnie z zespo\u0142u Belweder i tak ju\u017c na sta\u0142e trafi\u0142 do nas. To by\u0142 wtedy inny Strajk ni\u017c ten znany z p\u0142yty &#8220;Nie P\u00f3jdziemy&#8221;. Strajk z Frankiem na wokalu to by\u0142a kapela g\u00f3wniarzy, kt\u00f3ra gra\u0142a od 1990 do 1991 roku. W tym sk\u0142adzie zagrali\u015bmy raptem 4 koncerty. Tak na prawd\u0119 Strajk zaistnia\u0142 ju\u017c z Marianem po wygraniu przegl\u0105du w Sierpcu pod koniec 1991 roku. <\/p>\n\n\n\n<p>Z Paw\u0142em Hajnowskim to my kiedy\u015b bardzo si\u0119 kumplowali\u015bmy. M\u00f3g\u0142bym przytoczy\u0107 wiele historii z nim zwi\u0105zanych, ale pierwsza kt\u00f3ra przychodzi mi do g\u0142owy to taka jak postanowili\u015bmy z Paw\u0142em i\u015b\u0107 na piwo. Pami\u0119taj\u0105c o tym, \u017ce jego \u00f3wczesna dziewczyna jest dociekliwa wpadli\u015bmy na genialny pomys\u0142, by co chwila zmienia\u0107 knajpy. No i tak co godzinka tak robili\u015bmy. Przy 5 knajpie dowiedzieli\u015bmy si\u0119 od znajomych, \u017ce dziewczyna Paw\u0142a go szuka wi\u0119c szybko si\u0119 zwin\u0119li\u015bmy i poszli\u015bmy do kolejnej, gdzie\u015b dalej od centrum. Ale oczywi\u015bcie tysi\u0105ce przemy\u015ble\u0144 i nagle wpadamy na pomys\u0142, \u017ce idziemy do bloku Hajnosia do piwnicy bo tam by\u0142a kanciapa. Nikt nie mia\u0142 prawa wiedzie\u0107 gdzie byli\u015bmy. Tam w piwnicy urz\u0119dowa\u0142 brat Paw\u0142a z ekip\u0105. No i oczywi\u015bcie wywi\u0105za\u0142a si\u0119 lekka impreza. Browar si\u0119 leje towarzystwo zadowolone i  nagle, a to by\u0142a ju\u017c tak 22 spokojnie drzwi si\u0119 otwieraj\u0105 wchodzi laska Paw\u0142a i tekst &#8220;no mam Was w ko\u0144cu !&#8221;. My z Hajnosiem gleba z p\u00f3\u0142 godziny nie mogli\u015bmy si\u0119 opanowa\u0107 ze \u015bmiechu <img decoding=\"async\" loading=\"lazy\" height=\"16\" width=\"16\" src=\"https:\/\/static.xx.fbcdn.net\/images\/emoji.php\/v9\/tce\/1\/16\/1f600.png\" alt=\"\ud83d\ude00\"><img decoding=\"async\" loading=\"lazy\" height=\"16\" width=\"16\" src=\"https:\/\/static.xx.fbcdn.net\/images\/emoji.php\/v9\/tce\/1\/16\/1f600.png\" alt=\"\ud83d\ude00\"><img decoding=\"async\" loading=\"lazy\" height=\"16\" width=\"16\" src=\"https:\/\/static.xx.fbcdn.net\/images\/emoji.php\/v9\/tce\/1\/16\/1f600.png\" alt=\"\ud83d\ude00\">. Jak ona nas znalaz\u0142a to jest niebywa\u0142e. Ca\u0142y misterny plan poszed\u0142 w choler\u0119. Oczywi\u015bcie, dziewczyna Paw\u0142a z nami zosta\u0142a i dalej by\u0142a impreza ju\u017c w totalnie weso\u0142ej atmosferze. Knajp zwiedzili\u015bmy tego wieczoru minimum 6 <img decoding=\"async\" loading=\"lazy\" height=\"16\" width=\"16\" src=\"https:\/\/static.xx.fbcdn.net\/images\/emoji.php\/v9\/tce\/1\/16\/1f600.png\" alt=\"\ud83d\ude00\">&#8220;<\/p>\n\n\n\n<figure class=\"is-layout-flex wp-block-gallery-3 wp-block-gallery has-nested-images columns-default is-cropped\">\n<figure class=\"wp-block-image size-large\"><a href=\"https:\/\/petrock.pl\/wp-content\/uploads\/2024\/12\/hajny.jpg\"><img decoding=\"async\" loading=\"lazy\" width=\"683\" height=\"1024\" data-id=\"4089\"  src=\"https:\/\/petrock.pl\/wp-content\/uploads\/2024\/12\/hajny-683x1024.jpg\" alt=\"\" class=\"wp-image-4089\" srcset=\"http:\/\/petrock.pl\/wp-content\/uploads\/2024\/12\/hajny-683x1024.jpg 683w, http:\/\/petrock.pl\/wp-content\/uploads\/2024\/12\/hajny-200x300.jpg 200w, http:\/\/petrock.pl\/wp-content\/uploads\/2024\/12\/hajny-768x1152.jpg 768w, http:\/\/petrock.pl\/wp-content\/uploads\/2024\/12\/hajny.jpg 983w\" sizes=\"(max-width: 683px) 100vw, 683px\" \/><\/a><figcaption class=\"wp-element-caption\"><em>Pawe\u0142 Hajnowski, fot. dzi\u0119ki uprzejmo\u015bci Konrada Wojdy<\/em><\/figcaption><\/figure>\n<\/figure>\n\n\n\n<p><strong>Adam Marciniak (kumpel Paw\u0142a z czas\u00f3w m\u0142odo\u015bci, wsp\u00f3\u0142pracownik z czas\u00f3w Szel-Sat)<\/strong><\/p>\n\n\n\n<p>&#8220;Z Paw\u0142em Hajnowskim znali\u015bmy si\u0119 od dzieciaka, jedno osiedle, poczucie humoru, a potem punk rock<img decoding=\"async\" loading=\"lazy\" height=\"16\" width=\"16\" src=\"https:\/\/static.xx.fbcdn.net\/images\/emoji.php\/v9\/t4c\/1\/16\/1f642.png\" alt=\"\ud83d\ude42\"> mieli\u015bmy te\u017c inn\u0105 wsp\u00f3ln\u0105 pasj\u0119, pasje i mi\u0142o\u015b\u0107 do dobrego kina<img decoding=\"async\" loading=\"lazy\" height=\"16\" width=\"16\" src=\"https:\/\/static.xx.fbcdn.net\/images\/emoji.php\/v9\/t4c\/1\/16\/1f642.png\" alt=\"\ud83d\ude42\"> Pawe\u0142 cz\u0119sto gania\u0142 do kina, lubi\u0142 bardzo <img decoding=\"async\" loading=\"lazy\" height=\"16\" width=\"16\" src=\"https:\/\/static.xx.fbcdn.net\/images\/emoji.php\/v9\/t4c\/1\/16\/1f642.png\" alt=\"\ud83d\ude42\"> ja zreszt\u0105 te\u017c. Kiedy\u015b przedstawi\u0142 mi Mariusza Ludwickiego &#8221; Ludwika&#8221; by\u0142 operatorem kamery w Szel-Sat, zagada\u0142em z nim kiedy\u015b na Tumskiej czy nie ma pracy w Szel -Sat i okaza\u0142o si\u0119 , \u017ce jest taka mo\u017cliwo\u015bci, tak zacz\u0119\u0142a si\u0119 moja praca w mediach, kt\u00f3ra twa do tej pory<img decoding=\"async\" loading=\"lazy\" height=\"16\" width=\"16\" src=\"https:\/\/static.xx.fbcdn.net\/images\/emoji.php\/v9\/t4c\/1\/16\/1f642.png\" alt=\"\ud83d\ude42\"> w czerwcu min\u0119\u0142o 28 lat<img decoding=\"async\" loading=\"lazy\" height=\"16\" width=\"16\" src=\"https:\/\/static.xx.fbcdn.net\/images\/emoji.php\/v9\/t2e\/1\/16\/1f633.png\" alt=\"\ud83d\ude33\"><img decoding=\"async\" loading=\"lazy\" height=\"16\" width=\"16\" src=\"https:\/\/static.xx.fbcdn.net\/images\/emoji.php\/v9\/t4c\/1\/16\/1f642.png\" alt=\"\ud83d\ude42\"> Pawe\u0142 pracowa\u0142 wtedy w pubie grodzkim, nadal si\u0119 szlajali\u015bmy po knajpach, lubili\u015bmy <img decoding=\"async\" loading=\"lazy\" height=\"16\" width=\"16\" src=\"https:\/\/static.xx.fbcdn.net\/images\/emoji.php\/v9\/t4c\/1\/16\/1f642.png\" alt=\"\ud83d\ude42\"> ko\u0144czyli\u015bmy biesiad\u0119 albo w Fandango, albo w pubie Grodzkim, kiedy Piotrek ju\u017c my\u0142 pod\u0142ogi i kaza\u0142 nam spada\u0107 <img decoding=\"async\" loading=\"lazy\" height=\"16\" width=\"16\" src=\"https:\/\/static.xx.fbcdn.net\/images\/emoji.php\/v9\/t4c\/1\/16\/1f642.png\" alt=\"\ud83d\ude42\"> i wracali\u015bmy chwiejnym krokiem na skr\u00f3ty przez bramy a\u017c do naszych rewir\u00f3w na Jachowicza <img decoding=\"async\" loading=\"lazy\" height=\"16\" width=\"16\" src=\"https:\/\/static.xx.fbcdn.net\/images\/emoji.php\/v9\/t4c\/1\/16\/1f642.png\" alt=\"\ud83d\ude42\"> tam te\u017c jak wiecie by\u0142a knajpa Ambasador, albo jak kto woli u Kwa\u015bniewskiego <img decoding=\"async\" loading=\"lazy\" height=\"16\" width=\"16\" src=\"https:\/\/static.xx.fbcdn.net\/images\/emoji.php\/v9\/t4\/1\/16\/1f60f.png\" alt=\"\ud83d\ude0f\"> oj du\u017co dobrego si\u0119 tam dzia\u0142o <img decoding=\"async\" loading=\"lazy\" height=\"16\" width=\"16\" src=\"https:\/\/static.xx.fbcdn.net\/images\/emoji.php\/v9\/t4c\/1\/16\/1f642.png\" alt=\"\ud83d\ude42\"> i do domu blisko <img decoding=\"async\" loading=\"lazy\" height=\"16\" width=\"16\" src=\"https:\/\/static.xx.fbcdn.net\/images\/emoji.php\/v9\/t4c\/1\/16\/1f642.png\" alt=\"\ud83d\ude42\"><img decoding=\"async\" loading=\"lazy\" height=\"16\" width=\"16\" src=\"https:\/\/static.xx.fbcdn.net\/images\/emoji.php\/v9\/t6c\/1\/16\/1f4aa.png\" alt=\"\ud83d\udcaa\"> Los chcia\u0142, \u017ce zn\u00f3w zacz\u0119li\u015bmy si\u0119 widzie\u0107 codziennie, Pawe\u0142 do\u0142\u0105czy\u0142 do telewizji kablowej Szel-Sat, jako operator kamery, dobry w tym by\u0142, umia\u0142 ch\u0142opak <img decoding=\"async\" loading=\"lazy\" height=\"16\" width=\"16\" src=\"https:\/\/static.xx.fbcdn.net\/images\/emoji.php\/v9\/t4c\/1\/16\/1f642.png\" alt=\"\ud83d\ude42\"> ja by\u0142em wtedy technikiem emisji, czyli pracowa\u0142em g\u0142\u00f3wnie w studiu, Pawe\u0142 robi\u0142 zdj\u0119cia i w studiu, ale i na mie\u015bcie, informacje i takie tam razem z redaktorami z kabl\u00f3wki <img decoding=\"async\" loading=\"lazy\" height=\"16\" width=\"16\" src=\"https:\/\/static.xx.fbcdn.net\/images\/emoji.php\/v9\/t4c\/1\/16\/1f642.png\" alt=\"\ud83d\ude42\"> p\u00f3\u017aniej ja stwierdzi\u0142em, \u017ce te\u017c chc\u0119 ruszy\u0107 ty\u0142ek ze studia i Hajno\u015b zacz\u0105\u0142 mnie uczy\u0107 znajomo\u015bci i pracy z kamer\u0105 <img decoding=\"async\" loading=\"lazy\" height=\"16\" width=\"16\" src=\"https:\/\/static.xx.fbcdn.net\/images\/emoji.php\/v9\/t4c\/1\/16\/1f642.png\" alt=\"\ud83d\ude42\"> Nasze drogi si\u0119 troch\u0119 rozesz\u0142y. To by\u0142 ten czas, kiedy spora cz\u0119\u015b\u0107 fajnej rockowej ekipy z P\u0142ocka zacz\u0119\u0142a wyje\u017cd\u017ca\u0107 z P\u0142ocka, jak i z Polski za chlebem&#8230; urodzi\u0142a mi si\u0119 c\u00f3rka, wi\u0119c by\u0142y inne priorytety <img decoding=\"async\" loading=\"lazy\" height=\"16\" width=\"16\" src=\"https:\/\/static.xx.fbcdn.net\/images\/emoji.php\/v9\/t4c\/1\/16\/1f642.png\" alt=\"\ud83d\ude42\"> ale nigdy nie zapomnia\u0142em o kolegach, o Hajnosiu, jaki\u015b tam kontakt by\u0142, ale ju\u017c nie tak jak kiedy\u015b nad czym ubolewa\u0142em <img decoding=\"async\" loading=\"lazy\" height=\"16\" width=\"16\" src=\"https:\/\/static.xx.fbcdn.net\/images\/emoji.php\/v9\/t22\/1\/16\/1f61e.png\" alt=\"\ud83d\ude1e\"> Pawe\u0142 mocno wype\u0142nia\u0142 moje \u017cycie, zabiera\u0142 mnie na koncerty, na Orkiestr\u0119 \u015awi\u0105tecznej Pomocy, bo akurat by\u0142o miejsce w busie i pyta\u0142 czy jad\u0119 <img decoding=\"async\" loading=\"lazy\" height=\"16\" width=\"16\" src=\"https:\/\/static.xx.fbcdn.net\/images\/emoji.php\/v9\/t4c\/1\/16\/1f642.png\" alt=\"\ud83d\ude42\"> taki by\u0142 fajny z niego ziomek <img decoding=\"async\" loading=\"lazy\" height=\"16\" width=\"16\" src=\"https:\/\/static.xx.fbcdn.net\/images\/emoji.php\/v9\/t4c\/1\/16\/1f642.png\" alt=\"\ud83d\ude42\"> b\u0119dziesz zawsze w moim serduchu , dzi\u0119kuj\u0119 ci za ten super czas i za te mega wspomnienia<img decoding=\"async\" loading=\"lazy\" height=\"16\" width=\"16\" src=\"https:\/\/static.xx.fbcdn.net\/images\/emoji.php\/v9\/t6c\/1\/16\/2764.png\" alt=\"\u2764\ufe0f\">&#8220;<\/p>\n\n\n\n<figure class=\"is-layout-flex wp-block-gallery-5 wp-block-gallery has-nested-images columns-default is-cropped\">\n<figure class=\"wp-block-image size-large\"><a href=\"https:\/\/petrock.pl\/wp-content\/uploads\/2024\/12\/Bez-tytulu-1.jpg\"><img decoding=\"async\" loading=\"lazy\" width=\"917\" height=\"679\" data-id=\"4033\"  src=\"https:\/\/petrock.pl\/wp-content\/uploads\/2024\/12\/Bez-tytulu-1.jpg\" alt=\"\" class=\"wp-image-4033\" srcset=\"http:\/\/petrock.pl\/wp-content\/uploads\/2024\/12\/Bez-tytulu-1.jpg 917w, http:\/\/petrock.pl\/wp-content\/uploads\/2024\/12\/Bez-tytulu-1-300x222.jpg 300w, http:\/\/petrock.pl\/wp-content\/uploads\/2024\/12\/Bez-tytulu-1-768x569.jpg 768w, http:\/\/petrock.pl\/wp-content\/uploads\/2024\/12\/Bez-tytulu-1-80x60.jpg 80w\" sizes=\"(max-width: 917px) 100vw, 917px\" \/><\/a><figcaption class=\"wp-element-caption\"><em>Pawe\u0142 &#8220;Hajno\u015b&#8221; Hajnowski w okresie pracy w telewizji kablowej Szel-Sat, fot. dzi\u0119ki uprzejmo\u015bci Adama Marciniaka<\/em><\/figcaption><\/figure>\n<\/figure>\n\n\n\n<p><strong>Wojtek Wojda (wsp\u00f3\u0142za\u0142o\u017cyciel i wokalista Farben Lehre)<\/strong><\/p>\n\n\n\n<p>&#8220;Trzy frywolne historie z Paw\u0142em HAJNOSIEM Hajnowskim, kt\u00f3re zapami\u0119ta\u0142em&#8230; Gdzie\u015b na pocz\u0105tku 1993 roku pojechali\u015bmy we tr\u00f3jk\u0119 (ja, Marian i Hajno\u015b) do Warszawy, na press-tour, czyli wsp\u00f3lne wywiady po radiach, etc. W pewnym momencie, w okolicach Star\u00f3wki mieli\u015bmy si\u0119 rozdzieli\u0107. Ja z Marianem jechali\u015bmy do radia, a Pawe\u0142 piechot\u0105 mia\u0142 si\u0119 uda\u0107 w jakie\u015b inne miejsce. By\u0142y godziny szczytu, za nami sznurek samochod\u00f3w i Hajno\u015b mia\u0142 szybko wysi\u0105\u015b\u0107, a my musieli\u015bmy natychmiast odjecha\u0107. Pawe\u0142 wyskoczy\u0142 z auta, ale czego\u015b zapomnia\u0142 i chcia\u0142 si\u0119 wr\u00f3ci\u0107 na chwil\u0119 do samochodu. Ja ruszy\u0142em z buta i nagle us\u0142yszeli\u015bmy przera\u017aliwy krzyk Hajnosia. Go\u015bcie z ty\u0142u tr\u0105bi\u0105, korek coraz wi\u0119kszy, a my z Marianem wyskoczyli\u015bmy zobaczy\u0107 co si\u0119 dzieje. Okaza\u0142o si\u0119, \u017ce w tym po\u015bpiechu przejecha\u0142em mu oponami po nogach, jednak poza chwil\u0105 grozy i krzykiem nic wielkiego mu si\u0119 nie sta\u0142o. Zacz\u0119li\u015bmy z Marianem p\u0119ka\u0107 ze \u015bmiechu, bo ca\u0142e zdarzenie w tamtym momencie wygl\u0105da\u0142o naprawd\u0119 zabawnie, tym bardziej, \u017ce Hajno\u015b na przemian co\u015b do nas wykrzykiwa\u0142 z b\u00f3lu, a jednocze\u015bnie sam si\u0119 brechta\u0142 z tej sytuacji. W ko\u0144cu, ponaglani przez zniecierpliwionych kierowc\u00f3w, odjechali\u015bmy z Marianem z miejsca &#8220;zdarzenia&#8221;, ale \u015bmiali\u015bmy si\u0119 z niego jeszcze przez kilka \u0142adnych minut <img decoding=\"async\" loading=\"lazy\" height=\"16\" width=\"16\" src=\"https:\/\/static.xx.fbcdn.net\/images\/emoji.php\/v9\/t57\/1\/16\/1f609.png\" alt=\"\ud83d\ude09\"> <\/p>\n\n\n\n<p>W pa\u017adzierniku 1993 roku grali\u015bmy wsp\u00f3lny koncert FARBEN LEHRE &amp; STRAJK w Siedlcach. Wracaj\u0105c do P\u0142ocka, przy \u00f3wczesnej drodze, gdzie\u015b na trasie Siedlce-Warszawa zobaczyli\u015bmy wolnostoj\u0105cy samolot pasa\u017cerski LOT-u. Prawdopodobnie kto\u015b pr\u00f3bowa\u0142 w tym miejscu zrobi\u0107 jak\u0105\u015b kawiarni\u0119 przydro\u017cn\u0105, ale \u017ce interes nie wypali\u0142, to taki egzemplarz tam sobie jeszcze przez jaki\u015b czas sta\u0142. Zatrzymali\u015bmy si\u0119 i zrobili\u015bmy kilka pami\u0105tkowych zdj\u0119\u0107. Po powrocie, Konrad i Hajno\u015b udzielali wywiadu, bodaj\u017ce do jakiej\u015b gazetki szkolnej. Osob\u0105, kt\u00f3ra przeprowadza\u0142a ten wywiad by\u0142a Aneta Kisio, p\u00f3\u017aniejsza dziewczyna Hajnosia. Ch\u0142opaki pokazali jej te zdj\u0119cia, a na pytanie &#8220;gdzie w\u00f3wczas lecieli\u015bmy?&#8221;, sprzedali jej kit, \u017ce na koncerty do Stan\u00f3w <img decoding=\"async\" loading=\"lazy\" height=\"16\" width=\"16\" src=\"https:\/\/static.xx.fbcdn.net\/images\/emoji.php\/v9\/t57\/1\/16\/1f609.png\" alt=\"\ud83d\ude09\"> Wywiad nie by\u0142 nagrywany, wi\u0119c ona te odpowiedzi skrz\u0119tnie sobie zapisywa\u0142a i tym sposobem, chwil\u0119 p\u00f3\u017aniej w miasto, w\u015br\u00f3d \u00f3wczesnych nastolatk\u00f3w, posz\u0142a fama, \u017ce obie p\u0142ockie kapele gra\u0142y tournee w USA <img decoding=\"async\" loading=\"lazy\" height=\"16\" width=\"16\" src=\"https:\/\/static.xx.fbcdn.net\/images\/emoji.php\/v9\/t4c\/1\/16\/1f642.png\" alt=\"\ud83d\ude42\"> Potem przez lata si\u0119 z tego epizodu \u015bmieli\u015bmy i niejednokrotnie go wspominali\u015bmy przy wielu okazjach&#8230;&#8221; <\/p>\n\n\n\n<figure class=\"is-layout-flex wp-block-gallery-7 wp-block-gallery has-nested-images columns-default is-cropped\">\n<figure class=\"wp-block-image size-large\"><a href=\"https:\/\/petrock.pl\/wp-content\/uploads\/2024\/12\/LOT-HAjnosia.jpg\"><img decoding=\"async\" loading=\"lazy\" width=\"1024\" height=\"683\" data-id=\"4130\"  src=\"https:\/\/petrock.pl\/wp-content\/uploads\/2024\/12\/LOT-HAjnosia-1024x683.jpg\" alt=\"\" class=\"wp-image-4130\" srcset=\"http:\/\/petrock.pl\/wp-content\/uploads\/2024\/12\/LOT-HAjnosia-1024x683.jpg 1024w, http:\/\/petrock.pl\/wp-content\/uploads\/2024\/12\/LOT-HAjnosia-300x200.jpg 300w, http:\/\/petrock.pl\/wp-content\/uploads\/2024\/12\/LOT-HAjnosia-768x512.jpg 768w, http:\/\/petrock.pl\/wp-content\/uploads\/2024\/12\/LOT-HAjnosia.jpg 1332w\" sizes=\"(max-width: 1024px) 100vw, 1024px\" \/><\/a><figcaption class=\"wp-element-caption\"><em>os\u0142awione tournee po USA &#8211; Strajk &amp; Farben Lehre na lotnisku Siedlce-Warszawa \ud83d\ude09 (1993), fot. dzi\u0119ki uprzejmo\u015bci Wojciecha Wojdy<\/em><\/figcaption><\/figure>\n<\/figure>\n\n\n\n<p>&#8221; Jesieni\u0105 1994 roku obie kapele (FARBEN LEHRE &amp; STRAJK) koncertowa\u0142y w Bia\u0142ymstoku, w kultowym w\u00f3wczas klubie &#8220;Spodki&#8221;. Przysz\u0142o du\u017co ludzi, zabawa by\u0142a przednia, zatem wyjazd wyszed\u0142 jak najbardziej na plus. Jednak Hajno\u015b, kt\u00f3ry cz\u0119sto miewa\u0142 pecha, niejednokrotnie wpada\u0142 w jakie\u015b zupe\u0142nie nieoczekiwane tarapaty. Po zako\u0144czonym koncercie bramkarze prosili (mniej lub bardziej kulturalnie) ludzi o opuszczenie klubu. Stali\u015bmy przy scenie, kiedy nagle z daleka us\u0142yszeli\u015bmy krzyki przy wej\u015bciu i zobaczyli\u015bmy niezidentyfikowan\u0105 szamotanin\u0119. Podbiegamy, a tam jaki\u015b dobrze zbudowany kole\u015b \u015bciska Hajnosia w i\u015bcie &#8220;zapa\u015bniczym&#8221; chwycie. Zainterweniowali\u015bmy stanowczo, m\u00f3wi\u0105c, \u017ce to muzyk ze Strajku i osi\u0142ek zwolni\u0142 u\u015bcisk. Okaza\u0142o si\u0119, \u017ce ten go\u015b\u0107 by\u0142 ochroniarzem z klubu, a przy okazji by\u0142ym mistrzem Europy w zapasach z Bu\u0142garii <img decoding=\"async\" loading=\"lazy\" height=\"16\" width=\"16\" src=\"https:\/\/static.xx.fbcdn.net\/images\/emoji.php\/v9\/t4c\/1\/16\/1f642.png\" alt=\"\ud83d\ude42\"> Kiedy zasugerowa\u0142 Paw\u0142owi opuszczenie klubu (my\u015bl\u0105c, \u017ce to jeden z widz\u00f3w), ten zareagowa\u0142 nerwowo, kaza\u0142 mu spada\u0107, wi\u0119c bramkarz za\u0142o\u017cy\u0142 mu tzw. &#8220;nelsona&#8221;. Hajno\u015b szamota\u0142 si\u0119, wierzga\u0142 nogami, krzycza\u0142 wniebog\u0142osy, ale nie m\u00f3g\u0142 si\u0119 nijak z tego chwytu uwolni\u0107. Wygl\u0105da\u0142o to dalece komicznie, zatem p\u00f3\u017aniej przez lata \u015bmiali\u015bmy si\u0119, \u017ce Hajno\u015b to twardziel, kt\u00f3ry stan\u0105\u0142 do nier\u00f3wnego boju z zapa\u015bniczym mistrzem <img decoding=\"async\" loading=\"lazy\" height=\"16\" width=\"16\" src=\"https:\/\/static.xx.fbcdn.net\/images\/emoji.php\/v9\/t57\/1\/16\/1f609.png\" alt=\"\ud83d\ude09\">&#8220;<\/p>\n\n\n\n<figure class=\"is-layout-flex wp-block-gallery-9 wp-block-gallery has-nested-images columns-default is-cropped\">\n<figure class=\"wp-block-image size-large\"><a href=\"https:\/\/petrock.pl\/wp-content\/uploads\/2024\/12\/straj-i-fl.jpg\"><img decoding=\"async\" loading=\"lazy\" width=\"1024\" height=\"682\" data-id=\"4133\"  src=\"https:\/\/petrock.pl\/wp-content\/uploads\/2024\/12\/straj-i-fl-1024x682.jpg\" alt=\"\" class=\"wp-image-4133\" srcset=\"http:\/\/petrock.pl\/wp-content\/uploads\/2024\/12\/straj-i-fl-1024x682.jpg 1024w, http:\/\/petrock.pl\/wp-content\/uploads\/2024\/12\/straj-i-fl-300x200.jpg 300w, http:\/\/petrock.pl\/wp-content\/uploads\/2024\/12\/straj-i-fl-768x512.jpg 768w, http:\/\/petrock.pl\/wp-content\/uploads\/2024\/12\/straj-i-fl.jpg 1421w\" sizes=\"(max-width: 1024px) 100vw, 1024px\" \/><\/a><figcaption class=\"wp-element-caption\"><em>Wsp\u00f3lne zdj\u0119cie zespo\u0142\u00f3w Farben Lehre i Strajk (1993), fot. dzi\u0119ki uprzejmo\u015bci Wojciecha Wojdy<\/em><\/figcaption><\/figure>\n<\/figure>\n\n\n\n<p><strong>Adam Hajnowski (brat Paw\u0142a)<\/strong><\/p>\n\n\n\n<p>&#8220;Wiesz&#8230; je\u017celi chodzi o moje relacje z bratem to widywali\u015bmy si\u0119 rzadko. Kiedy wyjecha\u0142em z domu to Pawe\u0142 mia\u0142 12 lat wi\u0119c raczej spotykali\u015bmy si\u0119 podczas \u015awi\u0105t lub w innych okoliczno\u015bciach. Potem wyjecha\u0142 do Szkocji, ale zawsze kiedy przyje\u017cd\u017ca\u0142 do Polski odwiedza\u0142 mnie w Gda\u0144sku. Mieli\u015bmy kontakt przez Fb, planowali\u015bmy odwiedzi\u0107 go w Szkocji, ale niestety&#8230; nie zd\u0105\u017cyli\u015bmy. Pami\u0119tam Paw\u0142a zawsze u\u015bmiechni\u0119tego, bardzo dobrze mi si\u0119 z nim rozmawia\u0142o. Troszk\u0119 ba\u0142 si\u0119 mnie bo traktowa\u0142em go po ojcowsku, ale dogadywali\u015bmy si\u0119 bardzo dobrze&#8221;<\/p>\n\n\n\n<figure class=\"is-layout-flex wp-block-gallery-11 wp-block-gallery has-nested-images columns-default is-cropped\">\n<figure class=\"wp-block-image size-large\"><a href=\"https:\/\/petrock.pl\/wp-content\/uploads\/2024\/12\/OD-BRATA.jpg\"><img decoding=\"async\" loading=\"lazy\" width=\"1024\" height=\"550\" data-id=\"4107\"  src=\"https:\/\/petrock.pl\/wp-content\/uploads\/2024\/12\/OD-BRATA-1024x550.jpg\" alt=\"\" class=\"wp-image-4107\" srcset=\"http:\/\/petrock.pl\/wp-content\/uploads\/2024\/12\/OD-BRATA-1024x550.jpg 1024w, http:\/\/petrock.pl\/wp-content\/uploads\/2024\/12\/OD-BRATA-300x161.jpg 300w, http:\/\/petrock.pl\/wp-content\/uploads\/2024\/12\/OD-BRATA-768x413.jpg 768w, http:\/\/petrock.pl\/wp-content\/uploads\/2024\/12\/OD-BRATA-1536x825.jpg 1536w, http:\/\/petrock.pl\/wp-content\/uploads\/2024\/12\/OD-BRATA.jpg 1586w\" sizes=\"(max-width: 1024px) 100vw, 1024px\" \/><\/a><figcaption class=\"wp-element-caption\"><em>Pawe\u0142 &#8220;Hajno\u015b&#8221; Hajnowski, fot. dzi\u0119ku uprzejmo\u015bci Adama Hajnowskiego<\/em><\/figcaption><\/figure>\n<\/figure>\n\n\n\n<p><strong>Agata Sidorek (znajoma Paw\u0142a)<\/strong><\/p>\n\n\n\n<p>&#8220;Znali\u015bmy si\u0119 z Paw\u0142em od dziecka. Pierwsze punkowe koncerty w Jagiellonce, wyjazdy do Jarocina. Na pewnym etapie m\u00f3j \u00f3wczesny ch\u0142opak gra\u0142 w Strajku co pozwoli\u0142o mi towarzyszy\u0107 w kilku koncertach na backstagu. Um\u00f3wmy si\u0119 oczywi\u015bcie nie wszystkich, bo nie na wszystkie koncerty zabiera\u0142o si\u0119 swoje laski<img decoding=\"async\" loading=\"lazy\" height=\"16\" width=\"16\" src=\"https:\/\/static.xx.fbcdn.net\/images\/emoji.php\/v9\/t57\/1\/16\/1f609.png\" alt=\"\ud83d\ude09\"> Zawsze mia\u0142am czu\u0142y i bliski kontakt z Hajnosiem. To by\u0142 bardzo dobry i lojalny kolega. Mia\u0142 swoje zdanie i zaciek\u0142e go broni\u0142, ale te\u017c dobrze mi by\u0142o z nim w kontakcie. Najbli\u017cej by\u0142o nam jak sta\u0142am za barem w kultowym grodzkim. Mieli\u015bmy taki rytua\u0142, \u017ce co rano spotykali\u015bmy si\u0119 na &#8220;pras\u00f3weczk\u0119&#8221; przy barze, bo kiedy\u015b czyta\u0142o si\u0119 za starych czas\u00f3w papierowe gazety. Hajnos lecia\u0142 po kanapki do urz\u0119du do barku i zasiadali\u015bmy sobie razem i wymieniali\u015bmy uwagi na temat r\u00f3\u017cnych wie\u015bci z kraju i ze \u015bwiata.<\/p>\n\n\n\n<p>Mieli\u015bmy r\u00f3wnie\u017c tw\u00f3rcze pomys\u0142y. \u017beby nie by\u0142o \u017ce tylko balowali\u015bmy, a dobrze mi si\u0119 z nim balowa\u0142o. Kiedy\u015b konceptualnie za\u0142o\u017cyli\u015bmy kapele &#8221; Dziura od Dupy&#8221; . Ja marzy\u0142am \u017ceby gra\u0107 w kapeli punkowej. Ja by\u0142am na wokalu. Hajnos na basie. Koncerty mia\u0142y si\u0119 odbywa\u0107 na dachach i trwa\u0107 1,5 minuty. Wchodzimy i schodzimy.<\/p>\n\n\n\n<p>Du\u017co pi\u0119knych wsp\u00f3lnych rozm\u00f3w na tematy wa\u017cne i b\u0142ahe. Ostatnio by\u0142o s\u0142abiej i potoczy\u0142o si\u0119 jak si\u0119 potoczy\u0142o. To by\u0142 dobry kumpel&#8230; wiem \u017ce kiedy\u015b zagramy nasz koncert gdziekolwiek jest&#8221;<\/p>\n\n\n\n<figure class=\"is-layout-flex wp-block-gallery-13 wp-block-gallery has-nested-images columns-default is-cropped\">\n<figure class=\"wp-block-image size-large\"><a href=\"https:\/\/petrock.pl\/wp-content\/uploads\/2024\/12\/Grodzki.jpg\"><img decoding=\"async\" loading=\"lazy\" width=\"1024\" height=\"576\" data-id=\"4035\"  src=\"https:\/\/petrock.pl\/wp-content\/uploads\/2024\/12\/Grodzki-1024x576.jpg\" alt=\"pub Grodzki\" class=\"wp-image-4035\" srcset=\"http:\/\/petrock.pl\/wp-content\/uploads\/2024\/12\/Grodzki-1024x576.jpg 1024w, http:\/\/petrock.pl\/wp-content\/uploads\/2024\/12\/Grodzki-300x169.jpg 300w, http:\/\/petrock.pl\/wp-content\/uploads\/2024\/12\/Grodzki-768x432.jpg 768w, http:\/\/petrock.pl\/wp-content\/uploads\/2024\/12\/Grodzki-678x381.jpg 678w, http:\/\/petrock.pl\/wp-content\/uploads\/2024\/12\/Grodzki.jpg 1440w\" sizes=\"(max-width: 1024px) 100vw, 1024px\" \/><\/a><figcaption class=\"wp-element-caption\"><em>Pub Grodzki, lata 90te, fot. dzi\u0119ki uprzejmo\u015bci Agaty Sidorek<\/em><\/figcaption><\/figure>\n<\/figure>\n\n\n\n<p><strong>Adam Przemy\u0142ski (perkusista Podw\u00f3rkowych Chuligan\u00f3w) <\/strong><\/p>\n\n\n\n<p>&#8220;Spotykasz Paw\u0142a i zawsze Jego charyzmatyczna weso\u0142a energia, bezpretensjonalne nastawienie oddzia\u0142ywa\u0142y energetycznie&#8221;<\/p>\n\n\n\n<p><strong>Marta S\u0142upska (znajoma Paw\u0142a)<\/strong><\/p>\n\n\n\n<p>&#8220;Hajnosia zna\u0142am od g\u00f3wniarza. Razem z Marianem i reszt\u0105 ekipy przesiadywali pod naszym blokiem, wiesz gitary, browary, a my tam si\u0119 przy nich kr\u0119cili\u015bmy i tak nas przygarn\u0119li i zarazili punkiem&#8230; to by\u0142y czasy&#8230; Wiele historii mo\u017cna przytoczy\u0107 w kt\u00f3rych pojawia si\u0119 Pawe\u0142. Hajno\u015b by\u0142 mega pozytywnym cz\u0142owiekiem, kt\u00f3ry ci\u0105gle \u017cartowa\u0142. Nie zapomn\u0119 jak chcia\u0142 wkurzy\u0107 Ry\u015bka z grodzkiego to oczywi\u015bcie zaczyna\u0142a si\u0119 rozmowa o polityce, jazda taka by\u0142a, \u017ce Rysiek a\u017c \u017ce z\u0142o\u015bci szed\u0142 w tango&#8230; albo z Pizdziakem jak kto\u015b ich wkurza\u0142 to brali go na zaplecze, sadzali na krze\u015ble, brali wiertark\u0119 i tak si\u0119 zabawiali (tyczy\u0142o si\u0119  to przede wszystkim m\u0142odych punk\u00f3w) <img decoding=\"async\" loading=\"lazy\" height=\"16\" width=\"16\" src=\"https:\/\/static.xx.fbcdn.net\/images\/emoji.php\/v9\/t52\/1\/16\/1f923.png\" alt=\"\ud83e\udd23\"> Przypomina mi si\u0119 te\u017c taka sytuacja jak w PSSach sta\u0142a pani w kolejce, w bereciku i marudzi\u0142a co do ciasta <img decoding=\"async\" loading=\"lazy\" height=\"16\" width=\"16\" src=\"https:\/\/static.xx.fbcdn.net\/images\/emoji.php\/v9\/t53\/1\/16\/1f605.png\" alt=\"\ud83d\ude05\"> wi\u0119c Pawe\u0142 zacz\u0105\u0142 puka\u0107 jej w antenk\u0119 i pyta\u0142 ca\u0142y czas-nadaje? Nadaje? (Rydzyk oczywi\u015bcie). Ostatnimi laty jak ju\u017c by\u0142 w Szkocji to pracowa\u0142 w takim o\u015brodku nad klifami, takie pi\u0119kne miejsce nad morzem,. Tam by\u0142 mega szcz\u0119\u015bliwy, wszyscy go tam uwielbili bo mimo, \u017ce z j\u0119zykiem kula\u0142 to wszystkim pomaga\u0142 a zw\u0142aszcza dziadkom no i oczywi\u015bcie wszystkie koty by\u0142y jego.&#8221;<\/p>\n\n\n\n<p><em>ps. bardzo dzi\u0119kuj\u0119 wszystkim znajomym Paw\u0142a, kt\u00f3rzy zgodzili si\u0119 na rozmow\u0119 i opublikowanie wspomnie\u0144 o Hajnosiu. Dzi\u0119ki r\u00f3wnie\u017c Mateuszowi Koziorowskiemu za tuning nag\u0142\u00f3wkowego zdj\u0119cia zespo\u0142u Strajk.<\/em><\/p>\n","protected":false},"excerpt":{"rendered":"<div class=\"mh-excerpt\"><p>W najbli\u017cszy czwartek (19 grudnia) o godz 14:00 na cmentarzu rzymsko &#8211; katolickim przy ulicy Kobyli\u0144skiego w P\u0142ocku, po\u017cegnamy Paw\u0142a &#8220;Hajnosia&#8221; Hajnowskiego ex gitarzyst\u0119 zespo\u0142u <a class=\"mh-excerpt-more\" href=\"http:\/\/petrock.pl\/?p=4012\" title=\"Pawe\u0142 &#8220;Hajno\u015b&#8221; Hajnowski (1974 &#8211; 2024)\">[&#8230;]<\/a><\/p>\n<\/div>","protected":false},"author":7,"featured_media":4077,"comment_status":"open","ping_status":"open","sticky":true,"template":"","format":"standard","meta":[],"categories":[1],"tags":[],"yoast_head":"<!-- This site is optimized with the Yoast SEO plugin v21.1 - https:\/\/yoast.com\/wordpress\/plugins\/seo\/ -->\n<title>Pawe\u0142 &quot;Hajno\u015b&quot; Hajnowski (1974 - 2024) - P\u0142ocka Scena Rockowa<\/title>\n<meta name=\"description\" content=\"W najbli\u017cszy czwartek (19 grudnia) na cmentarzu rzymsko katolickim w P\u0142ocku przy ulicy Kobyli\u0144skiego, po\u017cegnamy Paw\u0142a &quot;Hajnosia&quot; Hajnowskiego ex gitarzyst\u0119 zespo\u0142u Strajk. Jakim cz\u0142owiekiem by\u0142 Pawe\u0142 ? Jak zapami\u0119tali go koledzy z zespo\u0142u, przyjaciele, znajomi, rodzina ? Zapraszam do odbycia tej sentymentalnej podr\u00f3\u017cy opowiedzianej przez jej uczestnik\u00f3w - przede wszystkim znajomych Paw\u0142a.\" \/>\n<meta name=\"robots\" content=\"index, follow, max-snippet:-1, max-image-preview:large, max-video-preview:-1\" \/>\n<link rel=\"canonical\" href=\"https:\/\/petrock.pl\/?page_id=4737\" \/>\n<meta property=\"og:locale\" content=\"pl_PL\" \/>\n<meta property=\"og:type\" content=\"article\" \/>\n<meta property=\"og:title\" content=\"Pawe\u0142 &quot;Hajno\u015b&quot; Hajnowski (1974 - 2024) - P\u0142ocka Scena Rockowa\" \/>\n<meta property=\"og:description\" content=\"W najbli\u017cszy czwartek (19 grudnia) na cmentarzu rzymsko katolickim w P\u0142ocku przy ulicy Kobyli\u0144skiego, po\u017cegnamy Paw\u0142a &quot;Hajnosia&quot; Hajnowskiego ex gitarzyst\u0119 zespo\u0142u Strajk. Jakim cz\u0142owiekiem by\u0142 Pawe\u0142 ? Jak zapami\u0119tali go koledzy z zespo\u0142u, przyjaciele, znajomi, rodzina ? Zapraszam do odbycia tej sentymentalnej podr\u00f3\u017cy opowiedzianej przez jej uczestnik\u00f3w - przede wszystkim znajomych Paw\u0142a.\" \/>\n<meta property=\"og:url\" content=\"https:\/\/petrock.pl\/?page_id=4737\" \/>\n<meta property=\"og:site_name\" content=\"P\u0142ocka Scena Rockowa\" \/>\n<meta property=\"article:published_time\" content=\"2024-12-13T10:51:09+00:00\" \/>\n<meta property=\"article:modified_time\" content=\"2024-12-17T14:47:03+00:00\" \/>\n<meta property=\"og:image\" content=\"http:\/\/petrock.pl\/wp-content\/uploads\/2024\/12\/STRAJK-1111_update.jpg\" \/>\n\t<meta property=\"og:image:width\" content=\"1376\" \/>\n\t<meta property=\"og:image:height\" content=\"911\" \/>\n\t<meta property=\"og:image:type\" content=\"image\/jpeg\" \/>\n<meta name=\"author\" content=\"triku\" \/>\n<meta name=\"twitter:card\" content=\"summary_large_image\" \/>\n<meta name=\"twitter:label1\" content=\"Napisane przez\" \/>\n\t<meta name=\"twitter:data1\" content=\"triku\" \/>\n\t<meta name=\"twitter:label2\" content=\"Szacowany czas czytania\" \/>\n\t<meta name=\"twitter:data2\" content=\"21 minut\" \/>\n<script type=\"application\/ld+json\" class=\"yoast-schema-graph\">{\"@context\":\"https:\/\/schema.org\",\"@graph\":[{\"@type\":\"WebPage\",\"@id\":\"https:\/\/petrock.pl\/?page_id=4737\",\"url\":\"https:\/\/petrock.pl\/?page_id=4737\",\"name\":\"Pawe\u0142 \\\"Hajno\u015b\\\" Hajnowski (1974 - 2024) - P\u0142ocka Scena Rockowa\",\"isPartOf\":{\"@id\":\"http:\/\/petrock.pl\/#website\"},\"datePublished\":\"2024-12-13T10:51:09+00:00\",\"dateModified\":\"2024-12-17T14:47:03+00:00\",\"author\":{\"@id\":\"http:\/\/petrock.pl\/#\/schema\/person\/1076715a2aab9cc2f532a5a50ff01efa\"},\"description\":\"W najbli\u017cszy czwartek (19 grudnia) na cmentarzu rzymsko katolickim w P\u0142ocku przy ulicy Kobyli\u0144skiego, po\u017cegnamy Paw\u0142a \\\"Hajnosia\\\" Hajnowskiego ex gitarzyst\u0119 zespo\u0142u Strajk. Jakim cz\u0142owiekiem by\u0142 Pawe\u0142 ? Jak zapami\u0119tali go koledzy z zespo\u0142u, przyjaciele, znajomi, rodzina ? Zapraszam do odbycia tej sentymentalnej podr\u00f3\u017cy opowiedzianej przez jej uczestnik\u00f3w - przede wszystkim znajomych Paw\u0142a.\",\"breadcrumb\":{\"@id\":\"https:\/\/petrock.pl\/?page_id=4737#breadcrumb\"},\"inLanguage\":\"pl-PL\",\"potentialAction\":[{\"@type\":\"ReadAction\",\"target\":[\"https:\/\/petrock.pl\/?page_id=4737\"]}]},{\"@type\":\"BreadcrumbList\",\"@id\":\"https:\/\/petrock.pl\/?page_id=4737#breadcrumb\",\"itemListElement\":[{\"@type\":\"ListItem\",\"position\":1,\"name\":\"Strona g\u0142\u00f3wna\",\"item\":\"http:\/\/petrock.pl\/\"},{\"@type\":\"ListItem\",\"position\":2,\"name\":\"Pawe\u0142 &#8220;Hajno\u015b&#8221; Hajnowski (1974 &#8211; 2024)\"}]},{\"@type\":\"WebSite\",\"@id\":\"http:\/\/petrock.pl\/#website\",\"url\":\"http:\/\/petrock.pl\/\",\"name\":\"P\u0142ocka Scena Rockowa\",\"description\":\"Wywiady Biografie Koncerty Recenzje\",\"potentialAction\":[{\"@type\":\"SearchAction\",\"target\":{\"@type\":\"EntryPoint\",\"urlTemplate\":\"http:\/\/petrock.pl\/?s={search_term_string}\"},\"query-input\":\"required name=search_term_string\"}],\"inLanguage\":\"pl-PL\"},{\"@type\":\"Person\",\"@id\":\"http:\/\/petrock.pl\/#\/schema\/person\/1076715a2aab9cc2f532a5a50ff01efa\",\"name\":\"triku\",\"image\":{\"@type\":\"ImageObject\",\"inLanguage\":\"pl-PL\",\"@id\":\"http:\/\/petrock.pl\/#\/schema\/person\/image\/\",\"url\":\"http:\/\/petrock.pl\/wp-content\/uploads\/2020\/04\/72958688_2440203412695825_9198237652015382528_o.jpg\",\"contentUrl\":\"http:\/\/petrock.pl\/wp-content\/uploads\/2020\/04\/72958688_2440203412695825_9198237652015382528_o.jpg\",\"caption\":\"triku\"},\"url\":\"http:\/\/petrock.pl\/?author=7\"}]}<\/script>\n<!-- \/ Yoast SEO plugin. -->","yoast_head_json":{"title":"Pawe\u0142 \"Hajno\u015b\" Hajnowski (1974 - 2024) - P\u0142ocka Scena Rockowa","description":"W najbli\u017cszy czwartek (19 grudnia) na cmentarzu rzymsko katolickim w P\u0142ocku przy ulicy Kobyli\u0144skiego, po\u017cegnamy Paw\u0142a \"Hajnosia\" Hajnowskiego ex gitarzyst\u0119 zespo\u0142u Strajk. Jakim cz\u0142owiekiem by\u0142 Pawe\u0142 ? Jak zapami\u0119tali go koledzy z zespo\u0142u, przyjaciele, znajomi, rodzina ? Zapraszam do odbycia tej sentymentalnej podr\u00f3\u017cy opowiedzianej przez jej uczestnik\u00f3w - przede wszystkim znajomych Paw\u0142a.","robots":{"index":"index","follow":"follow","max-snippet":"max-snippet:-1","max-image-preview":"max-image-preview:large","max-video-preview":"max-video-preview:-1"},"canonical":"https:\/\/petrock.pl\/?page_id=4737","og_locale":"pl_PL","og_type":"article","og_title":"Pawe\u0142 \"Hajno\u015b\" Hajnowski (1974 - 2024) - P\u0142ocka Scena Rockowa","og_description":"W najbli\u017cszy czwartek (19 grudnia) na cmentarzu rzymsko katolickim w P\u0142ocku przy ulicy Kobyli\u0144skiego, po\u017cegnamy Paw\u0142a \"Hajnosia\" Hajnowskiego ex gitarzyst\u0119 zespo\u0142u Strajk. Jakim cz\u0142owiekiem by\u0142 Pawe\u0142 ? Jak zapami\u0119tali go koledzy z zespo\u0142u, przyjaciele, znajomi, rodzina ? Zapraszam do odbycia tej sentymentalnej podr\u00f3\u017cy opowiedzianej przez jej uczestnik\u00f3w - przede wszystkim znajomych Paw\u0142a.","og_url":"https:\/\/petrock.pl\/?page_id=4737","og_site_name":"P\u0142ocka Scena Rockowa","article_published_time":"2024-12-13T10:51:09+00:00","article_modified_time":"2024-12-17T14:47:03+00:00","og_image":[{"width":1376,"height":911,"url":"http:\/\/petrock.pl\/wp-content\/uploads\/2024\/12\/STRAJK-1111_update.jpg","type":"image\/jpeg"}],"author":"triku","twitter_card":"summary_large_image","twitter_misc":{"Napisane przez":"triku","Szacowany czas czytania":"21 minut"},"schema":{"@context":"https:\/\/schema.org","@graph":[{"@type":"WebPage","@id":"https:\/\/petrock.pl\/?page_id=4737","url":"https:\/\/petrock.pl\/?page_id=4737","name":"Pawe\u0142 \"Hajno\u015b\" Hajnowski (1974 - 2024) - P\u0142ocka Scena Rockowa","isPartOf":{"@id":"http:\/\/petrock.pl\/#website"},"datePublished":"2024-12-13T10:51:09+00:00","dateModified":"2024-12-17T14:47:03+00:00","author":{"@id":"http:\/\/petrock.pl\/#\/schema\/person\/1076715a2aab9cc2f532a5a50ff01efa"},"description":"W najbli\u017cszy czwartek (19 grudnia) na cmentarzu rzymsko katolickim w P\u0142ocku przy ulicy Kobyli\u0144skiego, po\u017cegnamy Paw\u0142a \"Hajnosia\" Hajnowskiego ex gitarzyst\u0119 zespo\u0142u Strajk. Jakim cz\u0142owiekiem by\u0142 Pawe\u0142 ? Jak zapami\u0119tali go koledzy z zespo\u0142u, przyjaciele, znajomi, rodzina ? Zapraszam do odbycia tej sentymentalnej podr\u00f3\u017cy opowiedzianej przez jej uczestnik\u00f3w - przede wszystkim znajomych Paw\u0142a.","breadcrumb":{"@id":"https:\/\/petrock.pl\/?page_id=4737#breadcrumb"},"inLanguage":"pl-PL","potentialAction":[{"@type":"ReadAction","target":["https:\/\/petrock.pl\/?page_id=4737"]}]},{"@type":"BreadcrumbList","@id":"https:\/\/petrock.pl\/?page_id=4737#breadcrumb","itemListElement":[{"@type":"ListItem","position":1,"name":"Strona g\u0142\u00f3wna","item":"http:\/\/petrock.pl\/"},{"@type":"ListItem","position":2,"name":"Pawe\u0142 &#8220;Hajno\u015b&#8221; Hajnowski (1974 &#8211; 2024)"}]},{"@type":"WebSite","@id":"http:\/\/petrock.pl\/#website","url":"http:\/\/petrock.pl\/","name":"P\u0142ocka Scena Rockowa","description":"Wywiady Biografie Koncerty Recenzje","potentialAction":[{"@type":"SearchAction","target":{"@type":"EntryPoint","urlTemplate":"http:\/\/petrock.pl\/?s={search_term_string}"},"query-input":"required name=search_term_string"}],"inLanguage":"pl-PL"},{"@type":"Person","@id":"http:\/\/petrock.pl\/#\/schema\/person\/1076715a2aab9cc2f532a5a50ff01efa","name":"triku","image":{"@type":"ImageObject","inLanguage":"pl-PL","@id":"http:\/\/petrock.pl\/#\/schema\/person\/image\/","url":"http:\/\/petrock.pl\/wp-content\/uploads\/2020\/04\/72958688_2440203412695825_9198237652015382528_o.jpg","contentUrl":"http:\/\/petrock.pl\/wp-content\/uploads\/2020\/04\/72958688_2440203412695825_9198237652015382528_o.jpg","caption":"triku"},"url":"http:\/\/petrock.pl\/?author=7"}]}},"_links":{"self":[{"href":"http:\/\/petrock.pl\/index.php?rest_route=\/wp\/v2\/posts\/4012"}],"collection":[{"href":"http:\/\/petrock.pl\/index.php?rest_route=\/wp\/v2\/posts"}],"about":[{"href":"http:\/\/petrock.pl\/index.php?rest_route=\/wp\/v2\/types\/post"}],"author":[{"embeddable":true,"href":"http:\/\/petrock.pl\/index.php?rest_route=\/wp\/v2\/users\/7"}],"replies":[{"embeddable":true,"href":"http:\/\/petrock.pl\/index.php?rest_route=%2Fwp%2Fv2%2Fcomments&post=4012"}],"version-history":[{"count":96,"href":"http:\/\/petrock.pl\/index.php?rest_route=\/wp\/v2\/posts\/4012\/revisions"}],"predecessor-version":[{"id":4149,"href":"http:\/\/petrock.pl\/index.php?rest_route=\/wp\/v2\/posts\/4012\/revisions\/4149"}],"wp:featuredmedia":[{"embeddable":true,"href":"http:\/\/petrock.pl\/index.php?rest_route=\/wp\/v2\/media\/4077"}],"wp:attachment":[{"href":"http:\/\/petrock.pl\/index.php?rest_route=%2Fwp%2Fv2%2Fmedia&parent=4012"}],"wp:term":[{"taxonomy":"category","embeddable":true,"href":"http:\/\/petrock.pl\/index.php?rest_route=%2Fwp%2Fv2%2Fcategories&post=4012"},{"taxonomy":"post_tag","embeddable":true,"href":"http:\/\/petrock.pl\/index.php?rest_route=%2Fwp%2Fv2%2Ftags&post=4012"}],"curies":[{"name":"wp","href":"https:\/\/api.w.org\/{rel}","templated":true}]}}