{"id":551,"date":"2020-06-20T14:37:10","date_gmt":"2020-06-20T14:37:10","guid":{"rendered":"http:\/\/petrock.pl\/?p=551"},"modified":"2023-09-12T15:23:39","modified_gmt":"2023-09-12T13:23:39","slug":"o-defilu-kasprzaku-i-szatanie-ktory-zamieszkal-w-plocku","status":"publish","type":"post","link":"http:\/\/petrock.pl\/?p=551","title":{"rendered":"O Defilu, Kasprzaku i szatanie, kt\u00f3ry zamieszka\u0142 w P\u0142ocku"},"content":{"rendered":"\n<p>M\u00f3j pierwszy wywiad na stonce o p\u0142ockiej scenie rockowej postanowi\u0142em przeprowadzi\u0107 z&nbsp;<strong>Mariuszem \u201eMarianem\u201d \u015amigielskim<\/strong>&nbsp;(<strong>Concatenation, Necrosodomistical Slaughter, Parh, ex- Zakaz, ex-Belweder, ex-Thorn, ex-Cranthorpe),<\/strong>&nbsp;kt\u00f3ry jako gitarzysta i basista aktywnie dzia\u0142a w naszym mie\u015bcie od pocz\u0105tku lat 90tych, a zarazem bardzo pom\u00f3g\u0142 mi dziel\u0105c si\u0119 informacjami przy tworzeniu tej stronki za co mu serdecznie dzi\u0119kuj\u0119.<\/p>\n\n\n\n<p>Z racji wieku (urodzi\u0142em si\u0119 w roku 1983) nie mog\u0119 pami\u0119ta\u0107 jak wygl\u0105da\u0142a nasza scena w latach 80tych i pocz\u0105tku lat 90tych, kto wtedy gra\u0142 w P\u0142ocku, gdzie chodzi\u0142o si\u0119 na koncerty, czego si\u0119 s\u0142ucha\u0142o w naszym mie\u015bcie. Postanowi\u0142em wi\u0119c wypyta\u0107 Mariana co pami\u0119ta z tamtego okresu. Okaza\u0142o si\u0119, \u017ce ca\u0142kiem sporo. Na pewno poszerzy\u0142 moj\u0105 wiedz\u0119 o lokalnych zespo\u0142ach, graj\u0105cym w tamtym czasie (nie wiedzia\u0142em o istnieniu takich kapel jak Ambona, Pok\u0105tne Truskawki czy Chubby Grek). Dowiedzia\u0142em si\u0119 r\u00f3wnie\u017c na jakim sprz\u0119cie gra\u0142o si\u0119 muzyk\u0119 w tamtym okresie, gdzie odbywa\u0142y si\u0119 pr\u00f3by, gdzie odbywa\u0142y si\u0119 koncerty. Dzi\u0119ki przekazanej przez Mariusza wiedzy, mog\u0142em poczu\u0107 klimat muzyczny panuj\u0105cy w\u00f3wczas w P\u0142ocku, towarzysz\u0105ce wyst\u0119pom emocje, oraz atmosfer\u0119 panuj\u0105c\u0105 na koncertach. Pozyskan\u0105 w ten spos\u00f3b wiedz\u0105 oczywi\u015bcie chc\u0119 podzieli\u0107 si\u0119 z Wami \u2013 czytelnikami \u2013 tego serwisu. Od razu z g\u00f3ry przepraszam wszystkich za form\u0119 tego wywiadu (mo\u017ce wydawa\u0107 si\u0119, \u017ce te pytania s\u0105 troch\u0119 \u201ekwadratowe\u201d) i zarazem dzi\u0119kuj\u0119 Mariuszowi za wyrozumia\u0142o\u015b\u0107, szczero\u015b\u0107 oraz za szczeg\u00f3\u0142owe odpowiedzi. Jak to m\u00f3wi\u0105 \u201epierwsze koty za p\u0142oty\u201d. Zapraszam serdecznie do lektury !<\/p>\n\n\n\n<figure class=\"is-layout-flex wp-block-gallery-1 wp-block-gallery has-nested-images columns-default is-cropped\">\n<figure class=\"wp-block-image size-large\"><a href=\"http:\/\/petrock.pl\/wp-content\/uploads\/2020\/06\/Cranthorpe-03.1992-Mariusz-\u015amigielski-3-scaled.jpg\"><img decoding=\"async\" loading=\"lazy\" width=\"1024\" height=\"768\" data-id=\"653\"  src=\"http:\/\/petrock.pl\/wp-content\/uploads\/2020\/06\/Cranthorpe-03.1992-Mariusz-\u015amigielski-3-1024x768.jpg\" alt=\"\" class=\"wp-image-653\" srcset=\"http:\/\/petrock.pl\/wp-content\/uploads\/2020\/06\/Cranthorpe-03.1992-Mariusz-\u015amigielski-3-1024x768.jpg 1024w, http:\/\/petrock.pl\/wp-content\/uploads\/2020\/06\/Cranthorpe-03.1992-Mariusz-\u015amigielski-3-300x225.jpg 300w, http:\/\/petrock.pl\/wp-content\/uploads\/2020\/06\/Cranthorpe-03.1992-Mariusz-\u015amigielski-3-768x576.jpg 768w, http:\/\/petrock.pl\/wp-content\/uploads\/2020\/06\/Cranthorpe-03.1992-Mariusz-\u015amigielski-3-1536x1152.jpg 1536w, http:\/\/petrock.pl\/wp-content\/uploads\/2020\/06\/Cranthorpe-03.1992-Mariusz-\u015amigielski-3-2048x1536.jpg 2048w, http:\/\/petrock.pl\/wp-content\/uploads\/2020\/06\/Cranthorpe-03.1992-Mariusz-\u015amigielski-3-678x509.jpg 678w, http:\/\/petrock.pl\/wp-content\/uploads\/2020\/06\/Cranthorpe-03.1992-Mariusz-\u015amigielski-3-326x245.jpg 326w, http:\/\/petrock.pl\/wp-content\/uploads\/2020\/06\/Cranthorpe-03.1992-Mariusz-\u015amigielski-3-80x60.jpg 80w\" sizes=\"(max-width: 1024px) 100vw, 1024px\" \/><\/a><\/figure>\n<figcaption class=\"blocks-gallery-caption wp-element-caption\">&nbsp; <em>zesp\u00f3\u0142 Cranthorpe (marzec 1992) zdj\u0119cie dzi\u0119ki uprzejmo\u015bci  Mariusza \u015amigielskiego<\/em><\/figcaption><\/figure>\n\n\n\n<p><em>Zacznijmy od samego pocz\u0105tku. Opowiedz o zespo\u0142ach w kt\u00f3rych gra\u0142e\u015b, a tak\u017ce o tych w kt\u00f3rych grasz obecnie.<\/em><\/p>\n\n\n\n<p>Granie rozpocz\u0105\u0142em w zespole&nbsp;<strong>Zakaz<\/strong>&nbsp;i to mo\u017cna powiedzie\u0107 \u017ce naprawd\u0119 rozpocz\u0105\u0142em granie w og\u00f3le poniewa\u017c jak powsta\u0142 zesp\u00f3\u0142 praktycznie tylko perkusista Piotrek Popio\u0142ek, co\u015b umia\u0142 gdy\u017c wcze\u015bniej gra\u0142 w kapeli&nbsp;<strong>Belweder<\/strong>, ja w\u0142a\u015bciwie si\u0119 uczy\u0142em przesuwa\u0107 palce po gryfie b\u0119d\u0105c ju\u017c cz\u0142onkiem kapeli. Potem po tym jak zosta\u0142em wyrzucony za brak umiej\u0119tno\u015bci grania sol\u00f3wek (nie uda\u0142o si\u0119 nauczy\u0107 w trzy miesi\u0105ce) troch\u0119 si\u0119 podszkoli\u0142em i wystartowali\u015bmy z&nbsp;<strong>Cranthorpe,<\/strong>&nbsp;kt\u00f3re potem ewoluowa\u0142o w&nbsp;<strong>Thorn i The Thorn<\/strong>. W tych dawnych czasach kiedy jeszcze funkcjonowa\u0142o Cranthorpe, bra\u0142em udzia\u0142 w reaktywacji zespo\u0142u Belweder, no i jeszcze trafi\u0142em na chwil\u0119 do zespo\u0142u kt\u00f3rego nazwy nie pami\u0119tam bo zagrali\u015bmy dwie pr\u00f3by. Kolejne zespo\u0142y to ju\u017c&nbsp;<strong>Concatenation, Necrosodomistical Slaughter i Parh<\/strong>, czyli ju\u017c historia najnowsza.<\/p>\n\n\n\n<p><em>Jakie jest Twoje najwcze\u015bniejsze wspomnienie zwi\u0105zane ze scen\u0105 muzyczn\u0105 w P\u0142ocku? Pami\u0119tasz sw\u00f3j pierwszy koncert na kt\u00f3rym by\u0142e\u015b w \u201enaszym mie\u015bcie\u201d? Gdzie on by\u0142 ? Kto wtedy gra\u0142 ?<\/em><\/p>\n\n\n\n<p>M\u00f3j pierwszy koncert lokalny i w\u0142a\u015bciwie pierwszy, na kt\u00f3ry poszed\u0142em (bo musz\u0119 przyzna\u0107, \u017ce muzyk\u0105 powiedzmy \u201ealternatywn\u0105\u201d zainteresowa\u0142em si\u0119 do\u015b\u0107 p\u00f3\u017ano, by\u0142 koncert w Morce. Nie pami\u0119tam dok\u0142adnie kto gra\u0142. Na pewno Strajk (jeszcze z Frankiem na wokalu) i chyba Belweder, mo\u017ce jeszcze kto\u015b, ale nie dam rady sobie przypomnie\u0107. I to by\u0142a chyba wiosna 1991 rok, lub jesie\u0144 1990, czyli mog\u0119 nie pami\u0119ta\u0107. Zabawa by\u0142a przednia dop\u00f3ki nie przyszli \u201e\u0142ysi\u201d, o kt\u00f3rych tylko s\u0142ysza\u0142em, \u017ce trzeba uwa\u017ca\u0107 jak przyjd\u0105 i nie wychyla\u0107 si\u0119 spod \u015bcian.<\/p>\n\n\n\n<p><em>Mo\u017cesz powiedzie\u0107 co\u015b wi\u0119cej o tej sytuacji z \u201e\u0142ysymi\u201d ? Czy kto\u015b oberwa\u0142 ?<\/em><\/p>\n\n\n\n<p>Nikt nie oberwa\u0142, ale wpadli do \u015brodka i czekali na \u015brodku sali czy kto\u015b si\u0119 odwa\u017cy pogowa\u0107. Ale nikt si\u0119 nie odwa\u017cy\u0142. Wszyscy byli od razu z automatu obesrani i stali grzecznie pod \u015bcianami.<\/p>\n\n\n\n<p>Po koncercie ka\u017cdy szybko si\u0119 stara\u0142 ewakuowa\u0107. Pami\u0119tam za to koncert w SDK. Pono\u0107 by\u0142em na celowniku do oklepania, ale koledzy mi donie\u015bli i akcja z zespo\u0142em Amen uratowa\u0142a mi dupsko. Ale ile w tym prawdy? Szatan raczy wiedzie\u0107. Ale podobno szykowali si\u0119 na mnie.<\/p>\n\n\n\n<p><em>Jakie pami\u0119tasz miejsca w P\u0142ocku gdzie odbywa\u0142y si\u0119 koncerty z muzyk\u0105 rockow\u0105 w tamtych czasach?<\/em><\/p>\n\n\n\n<p>W tamtych czasach najdawniejszych to w\u0142a\u015bnie Morka, MDK, SDK (pami\u0119tam zajebisty cho\u0107 przerwany awantur\u0105 z \u201e\u0142ysymi\u201d koncert zespo\u0142u&nbsp;<strong>Amen<\/strong>&nbsp;) no i szko\u0142y, a tak\u017ce kino Przedwio\u015bnie. Inna kategori\u0105 by\u0142y plenery, typu WO\u015aP na placu przed teatrem. Rzadko amfiteatr.<\/p>\n\n\n\n<p>W mi\u0119dzyczasie pojawi\u0142y si\u0119 koncerty w klubach jak Camelot (czy Kamelot nie pami\u0119tam pisowni), Pub Grodzki, Rock 69 z Rockowymi Ogr\u00f3dkami.<\/p>\n\n\n\n<figure class=\"is-layout-flex wp-block-gallery-3 wp-block-gallery has-nested-images columns-default is-cropped\">\n<figure class=\"wp-block-image size-large\"><img decoding=\"async\" loading=\"lazy\" width=\"960\" height=\"662\" data-id=\"664\"  src=\"http:\/\/petrock.pl\/wp-content\/uploads\/2020\/06\/THORN-4-1.jpg\" alt=\"\" class=\"wp-image-664\" srcset=\"http:\/\/petrock.pl\/wp-content\/uploads\/2020\/06\/THORN-4-1.jpg 960w, http:\/\/petrock.pl\/wp-content\/uploads\/2020\/06\/THORN-4-1-300x207.jpg 300w, http:\/\/petrock.pl\/wp-content\/uploads\/2020\/06\/THORN-4-1-768x530.jpg 768w\" sizes=\"(max-width: 960px) 100vw, 960px\" \/><\/figure>\n<figcaption class=\"blocks-gallery-caption wp-element-caption\">&nbsp; <em>Zesp\u00f3\u0142 Thorn w pubie Camelot (22.06.2001) &#8211; zdj\u0119cie dzi\u0119ki uprzejmo\u015bci Piotra Zawadzkiego<\/em><\/figcaption><\/figure>\n\n\n\n<p><em>Jaki by\u0142 pierwszy p\u0142ocki zesp\u00f3\u0142 o kt\u00f3rym\/kt\u00f3ry us\u0142ysza\u0142e\u015b po raz pierwszy ?? <\/em><\/p>\n\n\n\n<p>Pierwszy p\u0142ocki zesp\u00f3\u0142, o kt\u00f3rym przeczyta\u0142em, bo nawet jeszcze nie us\u0142ysza\u0142em, to by\u0142&nbsp;<strong>Farben Lehre<\/strong>&nbsp;i by\u0142a to notatka w jakim\u015b chyba miesi\u0119czniku muzycznym, kt\u00f3rego nazwy nie pami\u0119tam (mo\u017ce Magazyn Muzyczny, mo\u017ce Non Stop), albo mo\u017ce w zwyk\u0142ej gazecie typu Tygodnik P\u0142ocki, na temat zdaje si\u0119 jakiej\u015b nagrody czy wyr\u00f3\u017cnienia, kt\u00f3re otrzymali w Jarocinie w drugiej po\u0142owie lat 80-tych. Wiesz cz\u0142owiek si\u0119 poczu\u0142, \u017ce nie mieszka na zadupiu tylko w mie\u015bcie z nagradzanymi muzykami.<\/p>\n\n\n\n<p><em>A jaki by\u0142 Tw\u00f3j pierwszy lokalny zesp\u00f3\u0142, kt\u00f3ry widzia\u0142e\u015b na \u017cywo? Pami\u0119tasz gdzie to by\u0142o oraz kiedy to by\u0142o?<\/em><\/p>\n\n\n\n<p>A to ju\u017c jest ciekawsza sprawa bo to ju\u017c by\u0142 okres prze\u0142omu w moim \u017cyciu, muzycznej rebelii i buntu nastolatka. Pierwszy lokalny zesp\u00f3\u0142 jaki widzia\u0142em na \u017cywo to by\u0142&nbsp;<strong>Belweder<\/strong>&nbsp;i nie by\u0142 to koncert. Dobrze znali\u015bmy z kolegami perkusist\u0119 (wspomnianego ju\u017c przeze mnie Piotrka Popio\u0142ka) i on zaprosi\u0142 mnie i dw\u00f3ch znajomych kumpli Mauera i Glazego na pr\u00f3b\u0119 do MDK gdzie grali. Grali we trzech wtedy ; Popi\u00f3\u0142 w\u0142a\u015bnie, basista Waldek i Marian (Mariusz Zalewski). Posiedzieli\u015bmy u nich pos\u0142uchali\u015bmy muzy, pogadali\u015bmy. By\u0142o git. Przy okazji obserwuj\u0105c jak graj\u0105 okaza\u0142o si\u0119, \u017ce granie na gitarach wygl\u0105da na \u0142atwiejsze ni\u017c si\u0119 wcze\u015bniej wydawa\u0142o. Co sk\u0142oni\u0142o mnie i Mauera do pierwszych \u0107wicze\u0144 na jednej strunie najpierw, a potem na dw\u00f3ch. Zreszt\u0105 z tych \u0107wicze\u0144 p\u00f3\u017aniej powsta\u0142 w\u0142a\u015bnie&nbsp;<strong>Zakaz<\/strong>, kr\u00f3tko po przej\u015bciu Mariana do Strajku i rozpadzie Belwederu. Znale\u017ali\u015bmy si\u0119 tam w\u0142a\u015bnie ca\u0142\u0105 gromada z tej pami\u0119tnej pr\u00f3by, czyli Popi\u00f3\u0142 i my: trzech odwiedzaj\u0105cych. Tak\u017ce mo\u017cna powiedzie\u0107, \u017ce pierwszy kontakt \u201ena \u017cywo\u201d z lokalnym zespo\u0142em by\u0142 jednocze\u015bnie iskr\u0105, kt\u00f3ra rozpali\u0142a muzyczny ogieniek w naszych m\u0142odych czarnych serduszkach hehehe<\/p>\n\n\n\n<figure class=\"is-layout-flex wp-block-gallery-5 wp-block-gallery has-nested-images columns-default is-cropped\">\n<figure class=\"wp-block-image size-large\"><img decoding=\"async\" loading=\"lazy\" width=\"1024\" height=\"766\" data-id=\"657\"  src=\"http:\/\/petrock.pl\/wp-content\/uploads\/2020\/06\/Cranthorpe-21.01.1993-koncert-w-SP-14-Mariusz-\u015amigielski-1-2-1024x766.jpg\" alt=\"\" class=\"wp-image-657\" srcset=\"http:\/\/petrock.pl\/wp-content\/uploads\/2020\/06\/Cranthorpe-21.01.1993-koncert-w-SP-14-Mariusz-\u015amigielski-1-2-1024x766.jpg 1024w, http:\/\/petrock.pl\/wp-content\/uploads\/2020\/06\/Cranthorpe-21.01.1993-koncert-w-SP-14-Mariusz-\u015amigielski-1-2-300x224.jpg 300w, http:\/\/petrock.pl\/wp-content\/uploads\/2020\/06\/Cranthorpe-21.01.1993-koncert-w-SP-14-Mariusz-\u015amigielski-1-2-768x574.jpg 768w, http:\/\/petrock.pl\/wp-content\/uploads\/2020\/06\/Cranthorpe-21.01.1993-koncert-w-SP-14-Mariusz-\u015amigielski-1-2-1536x1149.jpg 1536w, http:\/\/petrock.pl\/wp-content\/uploads\/2020\/06\/Cranthorpe-21.01.1993-koncert-w-SP-14-Mariusz-\u015amigielski-1-2-2048x1532.jpg 2048w, http:\/\/petrock.pl\/wp-content\/uploads\/2020\/06\/Cranthorpe-21.01.1993-koncert-w-SP-14-Mariusz-\u015amigielski-1-2-326x245.jpg 326w, http:\/\/petrock.pl\/wp-content\/uploads\/2020\/06\/Cranthorpe-21.01.1993-koncert-w-SP-14-Mariusz-\u015amigielski-1-2-80x60.jpg 80w\" sizes=\"(max-width: 1024px) 100vw, 1024px\" \/><\/figure>\n<figcaption class=\"blocks-gallery-caption wp-element-caption\">&nbsp; <em>Mariusz \u015amigielski podczas koncertu z grup\u0105 Cranthorpe w SP 14 (21.01.1993) &#8211; fot. dzi\u0119ki uprzejmo\u015bci Mariusza &#8211;\u015amigielskiego<\/em><\/figcaption><\/figure>\n\n\n\n<p><em>Czego wtedy si\u0119 s\u0142ucha\u0142o w P\u0142ocku? Czy by\u0142a jaka\u015b kapela z P\u0142ocka, kt\u00f3r\u0105 si\u0119 inspirowa\u0142e\u015b i by\u0142e\u015b jej fanem?<\/em><\/p>\n\n\n\n<p>Nie wiem czego si\u0119 s\u0142ucha\u0142o w P\u0142ocku, nie pami\u0119tam, ale to by\u0142y czasy, \u017ce s\u0142ucha\u0142o si\u0119 tego co si\u0119 uda\u0142o zdoby\u0107. Z przyczyn powy\u017cej opisanych na pewno na pocz\u0105tku inspirowa\u0142em si\u0119 m\u0142odym p\u0142ockim punkiem, Belweder, Strajk, jednak wiesz, mnie ci\u0105gn\u0119\u0142o do metalu, a tu ju\u017c inspiracje przychodzi\u0142y raczej z zachodu. Oczywi\u015bcie jak us\u0142ysza\u0142em&nbsp;<strong>Hazael \u201eChapel of Doom\u201d<\/strong>&nbsp;to te\u017c mia\u0142em pe\u0142ne gacie, \u017ce tak mo\u017cna i \u017ce w \u201emoim\u201d P\u0142ocku szatan zamieszka\u0142, ale jednak \u015bwiat i reszta Polski dawa\u0142a mi wi\u0119cej.<\/p>\n\n\n\n<p>Czy pami\u0119tasz p\u0142ockie rozg\u0142o\u015bnie radiowe\/telewizyjne, kt\u00f3re promowa\u0142y lokalne bandy? Jakie to by\u0142y stacje? Jak nazywa\u0142y si\u0119 programy? Kto je prowadzi\u0142?<\/p>\n\n\n\n<p>By\u0107 mo\u017ce koledzy si\u0119 na mnie obra\u017c\u0105, ale pami\u0119tam tylko Katolickie Radio P\u0142ock i nie pami\u0119tam nazw audycji, oraz nie pami\u0119tam ju\u017c kto je prowadzi\u0142. Na pewno audycje&nbsp;Davida Russela, Mariusza Korpoli\u0144skiego&nbsp;i pami\u0119tam, \u017ce jaki\u015b cykl w kt\u00f3rej\u015b stacji na temat bardzo szeroko poj\u0119tego punka prowadzi\u0142&nbsp;Wojtek Stasiak. Poza tym czarna dziura\u2026 \u017by\u0142em sobie raczej w \u015bwiecie kaset ni\u017c radia.<\/p>\n\n\n\n<p><em>Czy pami\u0119tasz swoje wczesne granie zespo\u0142owe ? Z kim gra\u0142e\u015b ? Co grali\u015bcie ? Gdzie odbywa\u0142y si\u0119 pr\u00f3by ?<\/em><\/p>\n\n\n\n<p>Czy najwcze\u015bniejsze granie to&nbsp;<strong>Zakaz<\/strong>: Ja na gitarze, Piotrek \u201ePopi\u00f3\u0142\u201d Popio\u0142ek na perkusji, Grzegorz \u201eGlazy\u201d Ba\u0142azy wokalista, Pawe\u0142 \u201e Mauer\u201d Ma\u0142ecki na gitarze i chyba Andrzej\u2026. po prostu Andrzej (i to tylko \u201echyba\u201d, bo szybko znikn\u0105\u0142 mi z horyzontu) na basie. Grali\u015bmy prostego szczerego punka, bo tylko tyle zdo\u0142ali\u015bmy si\u0119 nauczy\u0107. Mieli\u015bmy szcz\u0119\u015bcie, \u017ce sformowali\u015bmy zesp\u00f3\u0142 pod koniec roku szkolnego i okaza\u0142o si\u0119 \u017ce w wakacje mo\u017cemy gra\u0107 w MDK na Tumskiej, \u017ce niby do przes\u0142ucha\u0144 we wrze\u015bniu si\u0119 przygotowa\u0107 \u017ceby si\u0119 tam dosta\u0107 na sta\u0142e czy co\u015b takiego. Wi\u0119c ca\u0142e wakacje na po\u017cyczonym sprz\u0119cie grali\u015bmy w\u0142a\u015bnie tam. \u017baden z nas nie mia\u0142 swoich grat\u00f3w. Tzn ka\u017cdy mia\u0142 jakie\u015b ruskie albo defilowskie pud\u0142o, ale na pr\u00f3by do MDK po\u017cycza\u0142em np. gitar\u0119 elektryczn\u0105 Defil Aster od kolegi, z kt\u00f3rym potem za\u0142o\u017cy\u0142em&nbsp;<strong>Cranthorpe<\/strong>. Po wakacjach ju\u017c z nimi nie gra\u0142em wi\u0119c nie wiem czy zostali w MDK. Natomiast po za\u0142o\u017ceniu mojej pierwszej metalowej ekipy&nbsp;<strong>Cranthorpe<\/strong>, za\u0142atwili\u015bmy sobie mo\u017cliwo\u015b\u0107 grania w mojej szkole. Grali\u015bmy pr\u00f3by na auli w Jagiellonce pod pretekstem, \u017ce to taki niby szkolny zesp\u00f3\u0142 (oficjalnie by\u0142 w sk\u0142adzie na pocz\u0105tku m\u00f3j kolega z klasy, kt\u00f3ry si\u0119 ze mn\u0105 pojawia\u0142 na rozmowach z nauczycielami i dyrekcj\u0105 \u017ceby nie wysz\u0142o, \u017ce wi\u0119kszo\u015b\u0107 zespo\u0142u jest spoza szko\u0142y). To ju\u017c by\u0142o z Markiem \u201eMagneto\u201d Jo\u0144czykiem na perkusji, Jackiem Kanigowskim na gitarze i Piotrem \u201ePeterem\u201d Bukowskim jako wokalist\u0105. A je\u015bli chodzi o muzyk\u0119, pierwotny zamys\u0142 by\u0142 taki \u017ceby gra\u0107 na przek\u00f3r wszystkim najwolniej jak si\u0119 da i najci\u0119\u017cej jak si\u0119 da. Troch\u0119 nie wysz\u0142o ale nic, nie ma co \u017ca\u0142owa\u0107.<\/p>\n\n\n\n<p><em>Czy pami\u0119tasz sw\u00f3j pierwszy publiczny wyst\u0119p ? Gdzie to by\u0142o ? Z jakim zespo\u0142em wtedy wyst\u0105pi\u0142e\u015b ? Jakie emocje wtedy Tobie towarzyszy\u0142y ? Czy pami\u0119tasz kto wtedy jeszcze razem z Wami gra\u0142 podczas tego koncertu ??<\/em><\/p>\n\n\n\n<p>Ehh. No jasne \u017ce pami\u0119tam, tego si\u0119 nie da zapomnie\u0107. To by\u0142o z zespo\u0142em&nbsp;<strong>Cranthorpe<\/strong>&nbsp;3 stycznia 1993 na pierwszym finale WO\u015aP w p\u0142ockim kinie Przedwio\u015bnie. Emocje by\u0142y kosmiczne, trema jeszcze wi\u0119ksza. Kapel mn\u00f3stwo. Pami\u0119tam&nbsp;<strong>Belweder<\/strong>&nbsp;(reaktywowany),&nbsp;<strong>Ambon\u0119<\/strong>,&nbsp;<strong>Dla Kasi<\/strong>&nbsp;i&nbsp;<strong>Rigor Mortiss<\/strong>&nbsp;wi\u0119cej nie pami\u0119tam. Dzia\u0142o si\u0119 mn\u00f3stwo \u015bmiesznych temat\u00f3w, by\u0142 moment \u017ce mia\u0142em wra\u017cenie, \u017ce ju\u017c nikt nie panuje nad rozk\u0142adem jazdy, a za scen\u0105 napr\u0119dce formowa\u0142y si\u0119 kolejne zespo\u0142y po\u015br\u00f3d znajomych, ale w ko\u0144cu \u017caden nieplanowany wyst\u0119p si\u0119 nie odby\u0142. No i pe\u0142ne kino ludzi\u2026.<\/p>\n\n\n\n<p><em>Kto przychodz\u0142 w tamtych czasach na koncerty ? Czy g\u0142\u00f3wnie m\u0142odzie\u017c, czy bywa\u0142y r\u00f3wnie\u017c osoby starsze ?<\/em><\/p>\n\n\n\n<p>W tamtych czasach na koncerty przychodzili ci sami ludzie co obecnie, tylko w wi\u0119kszej ilo\u015bci i wszyscy byli wtedy m\u0142odzie\u017c\u0105. Os\u00f3b starszych nie pami\u0119tam za bardzo bo nie zwraca\u0142em uwagi. By\u0142o zawsze wystarczaj\u0105co du\u017co kumpli w\u0142asnych i kumpli swoich kumpli, \u017ce nawet jak kto\u015b by\u0142 starszy to musia\u0142 znika\u0107 w t\u0142umie, albo tak sobie to t\u0142umacz\u0119, bo wtedy nie my\u015bla\u0142em, \u017ce \u201estarzy\u201d ludzie po trzydziestce mog\u0105 ucz\u0119szcza\u0107 na takie wydarzenia kulturalne. O tym \u017ce mog\u0105 przekona\u0142em si\u0119 troch\u0119 p\u00f3\u017aniej.&nbsp;<\/p>\n\n\n\n<p><em>Czy du\u017co ludzi przychodzi\u0142o wtedy na koncerty ??<\/em><\/p>\n\n\n\n<p>Du\u017co, a przynajmniej tak si\u0119 wydaje. Na pewno na te wi\u0119ksze koncerty gdzie gra\u0142o po kilka r\u00f3\u017cnych zespo\u0142\u00f3w przychodzi\u0142o mn\u00f3stwo ludzi. Sale takie jak w siedemdziesi\u0105tce by\u0142y pe\u0142ne, Jagiellonka pe\u0142na, Przedwio\u015bnie pe\u0142ne, sala w MDK na pi\u0119trze pe\u0142na. To chyba du\u017co. Nikt nie liczy\u0142 bo si\u0119 nie da\u0142o za bardzo. A mo\u017ce liczy\u0142 tylko ja o tym nie wiedzia\u0142em bo mnie to nie interesowa\u0142o.<\/p>\n\n\n\n<p><em>Czy pami\u0119tasz koncert, kt\u00f3ry by\u0142 w tamtym czasie jakim\u015b meeega wydarzeniem i by\u0142o na nim mega du\u017co ludzi ? Co to by\u0142 za koncert ? Gdzie on si\u0119 odbyl ?<\/em><\/p>\n\n\n\n<p>No nie wiem. W\u0142a\u015bciwie ka\u017cdy. Ale tak patrz\u0105c na wielko\u015bci pomieszcze\u0144 to chyba najwi\u0119cej zmie\u015bci\u0142a \u201e Siedemdziesi\u0105tka\u201d z koncertem \u201eDzieci Dzieciom\u201d. Nie by\u0142o to mo\u017ce meeeeeega wydarzenie, ale chyba jedno z najliczniejszych zgromadze\u0144 zbuntowanej m\u0142odzie\u017cy to by\u0142o.<\/p>\n\n\n\n<figure class=\"is-layout-flex wp-block-gallery-7 wp-block-gallery has-nested-images columns-default is-cropped\">\n<figure class=\"wp-block-image size-large\"><img decoding=\"async\" loading=\"lazy\" width=\"1024\" height=\"768\" data-id=\"662\"  src=\"http:\/\/petrock.pl\/wp-content\/uploads\/2020\/06\/Thorn-21.01.1994-koncert-w-70-tce-Mariusz-\u015amigielski-2-1024x768.jpg\" alt=\"\" class=\"wp-image-662\" srcset=\"http:\/\/petrock.pl\/wp-content\/uploads\/2020\/06\/Thorn-21.01.1994-koncert-w-70-tce-Mariusz-\u015amigielski-2-1024x768.jpg 1024w, http:\/\/petrock.pl\/wp-content\/uploads\/2020\/06\/Thorn-21.01.1994-koncert-w-70-tce-Mariusz-\u015amigielski-2-300x225.jpg 300w, http:\/\/petrock.pl\/wp-content\/uploads\/2020\/06\/Thorn-21.01.1994-koncert-w-70-tce-Mariusz-\u015amigielski-2-768x576.jpg 768w, http:\/\/petrock.pl\/wp-content\/uploads\/2020\/06\/Thorn-21.01.1994-koncert-w-70-tce-Mariusz-\u015amigielski-2-1536x1152.jpg 1536w, http:\/\/petrock.pl\/wp-content\/uploads\/2020\/06\/Thorn-21.01.1994-koncert-w-70-tce-Mariusz-\u015amigielski-2-2048x1536.jpg 2048w, http:\/\/petrock.pl\/wp-content\/uploads\/2020\/06\/Thorn-21.01.1994-koncert-w-70-tce-Mariusz-\u015amigielski-2-678x509.jpg 678w, http:\/\/petrock.pl\/wp-content\/uploads\/2020\/06\/Thorn-21.01.1994-koncert-w-70-tce-Mariusz-\u015amigielski-2-326x245.jpg 326w, http:\/\/petrock.pl\/wp-content\/uploads\/2020\/06\/Thorn-21.01.1994-koncert-w-70-tce-Mariusz-\u015amigielski-2-80x60.jpg 80w\" sizes=\"(max-width: 1024px) 100vw, 1024px\" \/><\/figure>\n<figcaption class=\"blocks-gallery-caption wp-element-caption\">&nbsp;&nbsp;<em>&nbsp; Zespo\u0142 Thorn podczas koncertu w 70-tce (21.01.1994) &#8211; fot. dzi\u0119ki uprzejmo\u015bci Mariusza \u015amigielskiego<\/em><\/figcaption><\/figure>\n\n\n\n<p><em>Jakie towarzystwo przychodzi\u0142o na koncerty ? Czy na koncertach pojawiali si\u0119 przedstawiciele jaki\u015b subkultur m\u0142odzie\u017cowych ?<\/em><\/p>\n\n\n\n<p>Na koncertach pojawiali si\u0119 tylko przedstawiciele subkultur m\u0142odzie\u017cowych. \u201eNormalnego cz\u0142owieka\u201d ci\u0119\u017cko by\u0142o tam zobaczy\u0107. Ale i \u201esubkultury m\u0142odzie\u017cowe\u201d funkcjonowa\u0142y wtedy inaczej ni\u017c obecnie, tzn. istnia\u0142y, by\u0142y liczne i widoczne na ulicach. St\u0105d i du\u017ca reprezentacja na koncertach.<\/p>\n\n\n\n<p><em>Czy by\u0142o spokojnie na koncertach ? Czy dochodzi\u0142o do jaki\u015b burd, rozr\u00f3b ?<\/em><\/p>\n\n\n\n<p>R\u00f3\u017cnie bywa\u0142o. Mam wra\u017cenie, \u017ce na pocz\u0105tku by\u0142o najgorzej tzn. dochodzi\u0142o do r\u00f3\u017cnych awantur, pobi\u0107 po koncertach lub przepychanek w trakcie, ale z czasem si\u0119 bardzo uspokoi\u0142o. Awantury by\u0142y g\u0142\u00f3wnie jak wpadali \u201e\u0142ysi\u201d. Zabawa si\u0119 ko\u0144czy\u0142a wszyscy grzecznie stali pod \u015bcianami i nikt nie chcia\u0142 ryzykowa\u0107, \u017ce si\u0119 rozbawi i sprowokuje sobie jakiego\u015b niepotrzebnego gonga na twarz. Zauwa\u017cyli to pewnego razu muzycy&nbsp;<strong>Amen<\/strong>&nbsp;w SDK, zwr\u00f3cili najpierw niekoniecznie grzecznie uwag\u0119, \u017ceby panowie psuj\u0105cy zabaw\u0119 spierdalali, po czym po kr\u00f3tkiej wymianie zda\u0144 z owymi panami przerwali koncert i zeszli ze sceny. Pono\u0107 byli oczekiwani pod Domem Kultury przez pan\u00f3w psuj\u0105cych zabaw\u0119, ale nie wiem co by\u0142o dalej poniewa\u017c jak wi\u0119kszo\u015b\u0107 m\u0142odych ludzi ju\u017c nie dra\u017cnili\u015bmy pan\u00f3w psuj\u0105cych zabaw\u0119 i grzecznie w po\u015bpiechu opu\u015bcili\u015bmy lokal. A potem ju\u017c by\u0142o tylko lepiej i lepiej\u2026Chocia\u017c nie pami\u0119tam co by\u0142o prze\u0142omowym wydarzeniem, po kt\u00f3rym naprawd\u0119 by\u0142o spokojnie. Wiadomo, jest koncert, jest alko i jakie\u015b drobne spiny si\u0119 zdarza\u0142y jeszcze, ale nic powa\u017cnego.<\/p>\n\n\n\n<figure class=\"is-layout-flex wp-block-gallery-9 wp-block-gallery has-nested-images columns-default is-cropped\">\n<figure class=\"wp-block-image size-large\"><img decoding=\"async\" loading=\"lazy\" width=\"720\" height=\"540\" data-id=\"701\"  src=\"http:\/\/petrock.pl\/wp-content\/uploads\/2020\/06\/THORN-2-1.jpg\" alt=\"\" class=\"wp-image-701\" srcset=\"http:\/\/petrock.pl\/wp-content\/uploads\/2020\/06\/THORN-2-1.jpg 720w, http:\/\/petrock.pl\/wp-content\/uploads\/2020\/06\/THORN-2-1-300x225.jpg 300w, http:\/\/petrock.pl\/wp-content\/uploads\/2020\/06\/THORN-2-1-678x509.jpg 678w, http:\/\/petrock.pl\/wp-content\/uploads\/2020\/06\/THORN-2-1-326x245.jpg 326w, http:\/\/petrock.pl\/wp-content\/uploads\/2020\/06\/THORN-2-1-80x60.jpg 80w\" sizes=\"(max-width: 720px) 100vw, 720px\" \/><\/figure>\n<figcaption class=\"blocks-gallery-caption wp-element-caption\">&nbsp;&nbsp;<em> Mariusz \u015amigielski i Pawe\u0142 &#8220;\u015amigacz&#8221; \u015amiga\u0142a podczas pr\u00f3by zespo\u0142u Thorn &#8211; zdj\u0119cie dzi\u0119ki uprzejmo\u015bci-&nbsp;&nbsp;Mariusza&nbsp;\u015amigielsiego<\/em><\/figcaption><\/figure>\n\n\n\n<p><em>Na jakim sprz\u0119cie si\u0119 gra\u0142o w tamtym czasie ? Jakie wios\u0142a, perkusje, wzmaki, kostki mieliscie ? Co by\u0142o czym\u015b niezast\u0105pionym i niezawodnym w tamtym okresie (jak np. Metal Zone Bossa w zespo\u0142ach metalowych) ?<\/em><\/p>\n\n\n\n<p>O Panie! Na jakim sprz\u0119cie ? Na dost\u0119pnym. Z regu\u0142y polskiej produkcji. Defil rz\u0105dzi\u0142 w ka\u017cdej dziedzinie je\u015bli chodzi o instrumenty szarpane i Polmuz je\u015bli chodzi o uderzane. Jak mia\u0142 co\u015b lepszego to by\u0142 Bogiem i by\u0142 podejrzewany o to, \u017ce jego starzy handluj\u0105 futrami lub tureckim jeansem i sweterkami. Kostki kr\u00f3lowa\u0142y jedyne mo\u017cliwe do zdobycia, te\u017c polskie firmy KOD.<\/p>\n\n\n\n<p>Oczywi\u015bcie chwil\u0119 p\u00f3\u017aniej ju\u017c by\u0142o lepiej i tego Metal Zone tez ka\u017cdy m\u00f3g\u0142 mie\u0107, ale na pocz\u0105tku du\u017co by\u0142o samor\u00f3bek i KOD\u00f3w. Je\u015bli za\u015b chodzi o wzmaki, kr\u00f3lowa\u0142 jeden mi\u0142o\u015bciwie wszystkim panuj\u0105cy Eltron. Na jednym Eltronie gra\u0142 ca\u0142y sk\u0142ad niekiedy bo mia\u0142 kilka wej\u015b\u0107 . Jak trafi\u0142 si\u0119 Regent to ju\u017c w og\u00f3le wypas. W czasach obowi\u0105zkowych Metal Zone-\u00f3w ju\u017c powoli kr\u00f3l abdykowa\u0142 i pojawia\u0142y si\u0119 g\u0142\u00f3wnie LDM, ma\u0142e Labogi LR-1, i troch\u0119 Marshalli na przyk\u0142ad.<\/p>\n\n\n\n<p><em>Gdzie kupowa\u0142o si\u0119 sprz\u0119t muzyczny ? Komis, sklep, od kolegi etc ?<\/em><\/p>\n\n\n\n<p>Nie wiem gdzie si\u0119 kupowa\u0142o sprz\u0119t. By\u0142 jeden sklep muzyczny na ulicy Tumskiej naprzeciw Przedwio\u015bnia prawie, ale chodzi\u0142o si\u0119 tam \u017ceby kupi\u0107 struny na sztuki, no i niekt\u00f3rzy kupowali tam te wynalazki Defila. Je\u015bli w og\u00f3le akurat by\u0142y. Ja i kilku moich koleg\u00f3w kupowali\u015bmy sprz\u0119t po prostu jeden od drugiego. Moj\u0105 pierwsz\u0105 gitar\u0119 elektryczn\u0105 Defil Aster kupi\u0142em od kolegi z zespo\u0142u, a on j\u0105 z kolei kupi\u0142 \u201eod pierwszego gitarzysty ze Zwiezdy\u201d cokolwiek to nie znaczy\u0142o. Podobnie z efektami. Za pierwszego Distirtiona KOD da\u0142em chyba 15 kaset znajomemu. W P\u0142ocku popularne tez by\u0142o zmawianie gitar u polskich lutnik\u00f3w jak Mayones, czy Langowski. To zaraz po etapie defilowym prawie ka\u017cdy uderza\u0142 w ten kierunek. A\u017c wreszcie co\u015b drgn\u0119\u0142o i zacz\u0105\u0142 si\u0119 pojawia\u0107 w sklepach normalny sprz\u0119t. Adres\u00f3w i konkretnych sklep\u00f3w ci nie podam bo by\u0142o kilka w r\u00f3\u017cnych okresach czasu. Jednak najlepiej pami\u0119tam ten z Tumskiej jeszcze z czas\u00f3w komuny i potem sklep Jacka Kami\u0144skiego<\/p>\n\n\n\n<figure class=\"is-layout-flex wp-block-gallery-11 wp-block-gallery has-nested-images columns-default is-cropped\">\n<figure class=\"wp-block-image size-large\"><img decoding=\"async\" loading=\"lazy\" width=\"900\" height=\"600\" data-id=\"670\"  src=\"http:\/\/petrock.pl\/wp-content\/uploads\/2020\/06\/CONCATENATION-3.jpg\" alt=\"\" class=\"wp-image-670\" srcset=\"http:\/\/petrock.pl\/wp-content\/uploads\/2020\/06\/CONCATENATION-3.jpg 900w, http:\/\/petrock.pl\/wp-content\/uploads\/2020\/06\/CONCATENATION-3-300x200.jpg 300w, http:\/\/petrock.pl\/wp-content\/uploads\/2020\/06\/CONCATENATION-3-768x512.jpg 768w\" sizes=\"(max-width: 900px) 100vw, 900px\" \/><\/figure>\n<figcaption class=\"blocks-gallery-caption wp-element-caption\">&nbsp;&nbsp;<em>&nbsp; Mariusz \u015amigielski i Rafa\u0142 &#8220;Szkielo&#8221; Strzemieczny podczas koncertu grup y Contatenation fot. Agata Kubczak<\/em><\/figcaption><\/figure>\n\n\n\n<p><em>Na czym nagrywa\u0142o si\u0119 pr\u00f3by ? Na jakim sprz\u0119cie ?<\/em><\/p>\n\n\n\n<p>No jak na czym??? Na Kasprzaku przecie\u017c. Nawet jak kto\u015b mia\u0142 dyktafon to i tak nie m\u00f3g\u0142 si\u0119 r\u00f3wna\u0107 z nagraniem z Kasprzaka. Nie wiem co w nim takiego by\u0142o ale, naprawd\u0119 po latach s\u0142ycha\u0107 na tych nagraniach z pr\u00f3b naprawd\u0119 wszystko. Bez trzask\u00f3w burczenia silnika jak z dyktafon\u00f3w, czy w og\u00f3le jednego wielkiego ha\u0142asu jak na nagraniach z telefon\u00f3w. Tak. Kasprzak to by\u0142 prosty i niezawodny sprz\u0119t. Dla tych co nie wiedz\u0105, to taki radiomagnetofon kasetowy&nbsp;\ud83d\ude42<\/p>\n\n\n\n<p><em>Gdzie nagrywa\u0142o si\u0119 wtedy materia\u0142 na p\u0142yt\u0119 ? W jakim studio ? W jakim mie\u015bcie ? Kto by\u0142 realizatorem ?<\/em><\/p>\n\n\n\n<p>W P\u0142ocku mo\u017cna by\u0142o nagra\u0107 w Domu Technika, realizatorem by\u0142 p. Charzy\u0144ski, lub w MDKu, ale my korzystali\u015bmy z opcji Dom Technika. Mo\u017cna si\u0119 by\u0142o te\u017c dogada\u0107 w Chemiku z \u201eGoldkiem\u201d i tam tez nagrywali\u015bmy jedno demo. A potem si\u0119 okaza\u0142o \u017ce rzut beretem od nas we W\u0142oc\u0142awku jest studio prowadzone przez Przemka Naguszewskiego i wi\u0119kszo\u015b\u0107 znanych mi kapel w drugiej po\u0142owie lat 90-tych tam l\u0105dowa\u0142a. Bo by\u0142o do\u015b\u0107 tanio, profesjonalnie i mi\u0142o.<\/p>\n\n\n\n<p>W jakich knajpach spotyka\u0142o si\u0119 i rozmawia\u0142o o muzyce ? Gdzie na browara chodzi\u0142 \u201emuzyczny\u201d P\u0142ock ?<\/p>\n\n\n\n<p>Powiem ci szczerze, \u017ce nie wiem. Nazw nie pami\u0119tam, niekt\u00f3rych miejsc te\u017c nie bo na pocz\u0105tku to by\u0142a taka troch\u0119 tu\u0142aczka od lokalu do lokalu. Kto\u015b wspomina\u0142 \u201etam jest fajnie\u201d i gnie\u017adzili\u015bmy si\u0119 przez jaki\u015b czas \u201etam\u201d potem kto\u015b m\u00f3wi\u0142 \u201eteraz tam jest ok\u201d i by\u0142a zmiana. Na d\u0142u\u017cej zatrzyma\u0142 ludzi na pewno Pub Grodzki, a cz\u0119\u015b\u0107 muzycznego narodu chwil\u0119 wcze\u015bniej jeszcze Rejs. Ale Pub Grodzki i Rock 69 to by\u0142y chyba te prawdziwie eksterytorialne miejsca gdzie pojawiali si\u0119 ludzie z ca\u0142ego P\u0142ocka niezale\u017cnie od osiedla na kt\u00f3rym \u017cyli. Jak wiadomo osta\u0142 si\u0119 ino Rock 69<\/p>\n\n\n\n<figure class=\"is-layout-flex wp-block-gallery-13 wp-block-gallery has-nested-images columns-default is-cropped\">\n<figure class=\"wp-block-image size-large\"><img decoding=\"async\" loading=\"lazy\" width=\"1024\" height=\"768\" data-id=\"671\"  src=\"http:\/\/petrock.pl\/wp-content\/uploads\/2020\/06\/p5-1024x768.jpg\" alt=\"\" class=\"wp-image-671\" srcset=\"http:\/\/petrock.pl\/wp-content\/uploads\/2020\/06\/p5-1024x768.jpg 1024w, http:\/\/petrock.pl\/wp-content\/uploads\/2020\/06\/p5-300x225.jpg 300w, http:\/\/petrock.pl\/wp-content\/uploads\/2020\/06\/p5-768x576.jpg 768w, http:\/\/petrock.pl\/wp-content\/uploads\/2020\/06\/p5-678x509.jpg 678w, http:\/\/petrock.pl\/wp-content\/uploads\/2020\/06\/p5-326x245.jpg 326w, http:\/\/petrock.pl\/wp-content\/uploads\/2020\/06\/p5-80x60.jpg 80w, http:\/\/petrock.pl\/wp-content\/uploads\/2020\/06\/p5.jpg 1440w\" sizes=\"(max-width: 1024px) 100vw, 1024px\" \/><\/figure>\n<figcaption class=\"blocks-gallery-caption wp-element-caption\"><em>&nbsp; zesp\u00f3\u0142 Parh podczas koncertu w p\u0142ockim Teatrze Per Se (22.12.2018) &#8211; fot. archiwum zespo\u0142u<\/em><\/figcaption><\/figure>\n\n\n\n<p><em>Kt\u00f3re p\u0142yty zespo\u0142\u00f3w z P\u0142ocka najbardziej lubisz (uwa\u017casz za najciekawsze) ? Dlaczego ?<\/em><\/p>\n\n\n\n<p>No to tak, wymieni\u0119 kilka je\u015bli pozwolisz, ale pozwol\u0119 sobie nie tylko na \u201elongplaye\u201d.<\/p>\n\n\n\n<p>Strajk \u201eNie p\u00f3jdziemy\u201d bo to \u015bwietna p\u0142yta jest i nostalgiczna jednocze\u015bnie, bo powstawa\u0142a niemal na moich oczach, niekt\u00f3re riffy kt\u00f3re pojawi\u0142y si\u0119 na tej p\u0142ycie Marian pokazywa\u0142 nam jako pomys\u0142y na akustyku podczas ognisk za Kopcem Harcerskim.<\/p>\n\n\n\n<p>Farben Lehre \u201eMy Maszyny\u201d bo to by\u0142 mocny momentami prawie metalowy, ale jednocze\u015bnie punkowo chwytliwy materia\u0142.<\/p>\n\n\n\n<p>Aberration \u201e Massacre on the Earth\u201d \u2013 doskona\u0142y death metal w ameryka\u0144skim stylu, kt\u00f3ry wola\u0142em wtedy bardziej od \u201eszwedzkiego\u201d Hazaela.<\/p>\n\n\n\n<p>Rigor Mortiss \u2013 \u201eRigor Mortiss\u201dkawa\u0142 dobrego industrialu, kt\u00f3ry doceni\u0142em dopiero po latach. Nie by\u0142em gotowy na takie granie wtedy, kiedy ta p\u0142yta wychodzi\u0142a. Musia\u0142em dorosn\u0105\u0107 \u017ceby doceni\u0107 to co tam si\u0119 dzieje.<\/p>\n\n\n\n<p>Schrottersburg \u2013\u201eMelancholia\u201d \u2013 bo lubi\u0119 i co ci tam s\u0142odzi\u0107 b\u0119d\u0119 kierowniku.<\/p>\n\n\n\n<p>Black Mad Lice \u2013 \u201eIt\u2019s going deeper\u201d \u2013 \u015bwietne brzmienie, jak dla mnie, bezkompromisowe mocne granie, takie jak lubi\u0119 i \u015bwietni instrumentali\u015bci.<\/p>\n\n\n\n<p>Mog\u0142oby by\u0107 troch\u0119 wi\u0119cej, ale chyba pytanie by\u0142o o te najbardziej to nie ma co przesadza\u0107.<\/p>\n\n\n\n<p><em>Jak oceniasz to co dzieje si\u0119 teraz w muzyce rockowej w P\u0142ocku ? Czy nadal s\u0105 jakie\u015b lokalne zespo\u0142y, kt\u00f3re wywieraj\u0105 na Tobie du\u017ce wra\u017cenie ?<\/em><\/p>\n\n\n\n<p>Obecnie nie wiem jak oceni\u0107 to co si\u0119 dzieje na scenie rockowej w P\u0142ocku bo niby w niej jestem i staram si\u0119 wiedzie\u0107 o niej jak najwi\u0119cej, ale z drugiej strony poza kilkoma zespo\u0142ami, kt\u00f3re ju\u017c jaki\u015b czas graj\u0105 jest coraz trudniej o \u015bwie\u017c\u0105 krew. Czyli z jednej strony fajnie, troch\u0119 si\u0119 dzieje i na polu metalowym i rockowym i punkowym (szeroko poj\u0119tym), ale mam wra\u017cenie \u017ce jak si\u0119 komu\u015b z tej grupy odechce to nic nie wejdzie w to miejsce. Mamy przecie\u017c&nbsp;<strong>Parh, Kingdom, Erupted Evil, Concatenation, Leshy, Varnheim, Baalberith, The Old Crone, Reszt\u0119 Pokolenia, Farben Lehre, Schrottersburg, Shredlust, Fear Inside of Me, Rigor Mortiss , Black Mad Lice<\/strong>&nbsp;, reaktywowana&nbsp;<strong>Eufori\u0119<\/strong>&nbsp;,&nbsp;<strong>Vatah\u0119<\/strong>&nbsp;. Pewnie co\u015b jeszcze co wylecia\u0142o mi z g\u0142owy i na pewno \u201ewszystkie projekty Szkiela\u201d. Niby du\u017co. Tylko \u017caden z tych zespo\u0142\u00f3w nie jest zespo\u0142em nastolatk\u00f3w. I to mnie troch\u0119 martwi. Bo to chyba oznacza z czasem wymieranie naszej sceny. Ewentualnie kolejne przetasowania pomi\u0119dzy ju\u017c istniej\u0105cymi sk\u0142adami aby w systemie \u201enorweskim\u201d stworzy\u0107 kolejny zesp\u00f3\u0142.<\/p>\n\n\n\n<p>Lokalnie natomiast najwi\u0119ksze wra\u017cenie robi\u0105 na mnie trzy zespo\u0142y (bo s\u0105 trzy i ka\u017cdy z innej parafii i wszystkie umio dobrze w muzyk\u0119 i ja w nich nie gram ) to jest :&nbsp;<strong>The Old Crone, Leshy i Schrottersburg<\/strong>. A dobra niech b\u0119dzie czwarty&nbsp;<strong>Rigor Mortiss.<\/strong><\/p>\n\n\n\n<p>Wiadomka, \u017ce takie naj naj wra\u017cenie to robi\u0105 jednak te w kt\u00f3rych gram, ale \u017ce skromny jestem to nie wymieniam. Hehehehe.:)<\/p>\n\n\n\n<figure class=\"is-layout-flex wp-block-gallery-15 wp-block-gallery has-nested-images columns-default is-cropped\">\n<figure class=\"wp-block-image size-large\"><img decoding=\"async\" loading=\"lazy\" width=\"1024\" height=\"681\" data-id=\"668\"  src=\"http:\/\/petrock.pl\/wp-content\/uploads\/2020\/06\/NECROSODIMINISTICAL-SLAUGHTER-2-1024x681.jpg\" alt=\"\" class=\"wp-image-668\" srcset=\"http:\/\/petrock.pl\/wp-content\/uploads\/2020\/06\/NECROSODIMINISTICAL-SLAUGHTER-2-1024x681.jpg 1024w, http:\/\/petrock.pl\/wp-content\/uploads\/2020\/06\/NECROSODIMINISTICAL-SLAUGHTER-2-300x200.jpg 300w, http:\/\/petrock.pl\/wp-content\/uploads\/2020\/06\/NECROSODIMINISTICAL-SLAUGHTER-2-768x511.jpg 768w, http:\/\/petrock.pl\/wp-content\/uploads\/2020\/06\/NECROSODIMINISTICAL-SLAUGHTER-2-1536x1022.jpg 1536w, http:\/\/petrock.pl\/wp-content\/uploads\/2020\/06\/NECROSODIMINISTICAL-SLAUGHTER-2.jpg 2048w\" sizes=\"(max-width: 1024px) 100vw, 1024px\" \/><\/figure>\n<figcaption class=\"blocks-gallery-caption wp-element-caption\">&nbsp; <em>zesp\u00f3\u0142 Necrosodoministical Slaughter &#8211; 2015 &#8211; fot. z archiwum zespo\u0142u<\/em><\/figcaption><\/figure>\n\n\n\n<p><\/p>\n","protected":false},"excerpt":{"rendered":"<div class=\"mh-excerpt\"><p>M\u00f3j pierwszy wywiad na stonce o p\u0142ockiej scenie rockowej postanowi\u0142em przeprowadzi\u0107 z&nbsp;Mariuszem \u201eMarianem\u201d \u015amigielskim&nbsp;(Concatenation, Necrosodomistical Slaughter, Parh, ex- Zakaz, ex-Belweder, ex-Thorn, ex-Cranthorpe),&nbsp;kt\u00f3ry jako gitarzysta i <a class=\"mh-excerpt-more\" href=\"http:\/\/petrock.pl\/?p=551\" title=\"O Defilu, Kasprzaku i szatanie, kt\u00f3ry zamieszka\u0142 w P\u0142ocku\">[&#8230;]<\/a><\/p>\n<\/div>","protected":false},"author":7,"featured_media":547,"comment_status":"closed","ping_status":"open","sticky":false,"template":"","format":"standard","meta":[],"categories":[24],"tags":[],"yoast_head":"<!-- This site is optimized with the Yoast SEO plugin v21.1 - https:\/\/yoast.com\/wordpress\/plugins\/seo\/ -->\n<title>O Defilu, Kasprzaku i szatanie, kt\u00f3ry zamieszka\u0142 w P\u0142ocku - P\u0142ocka Scena Rockowa<\/title>\n<meta name=\"robots\" content=\"index, follow, max-snippet:-1, max-image-preview:large, max-video-preview:-1\" \/>\n<link rel=\"canonical\" href=\"http:\/\/petrock.pl\/?p=551\" \/>\n<meta property=\"og:locale\" content=\"pl_PL\" \/>\n<meta property=\"og:type\" content=\"article\" \/>\n<meta property=\"og:title\" content=\"O Defilu, Kasprzaku i szatanie, kt\u00f3ry zamieszka\u0142 w P\u0142ocku - P\u0142ocka Scena Rockowa\" \/>\n<meta property=\"og:description\" content=\"M\u00f3j pierwszy wywiad na stonce o p\u0142ockiej scenie rockowej postanowi\u0142em przeprowadzi\u0107 z&nbsp;Mariuszem \u201eMarianem\u201d \u015amigielskim&nbsp;(Concatenation, Necrosodomistical Slaughter, Parh, ex- Zakaz, ex-Belweder, ex-Thorn, ex-Cranthorpe),&nbsp;kt\u00f3ry jako gitarzysta i [...]\" \/>\n<meta property=\"og:url\" content=\"http:\/\/petrock.pl\/?p=551\" \/>\n<meta property=\"og:site_name\" content=\"P\u0142ocka Scena Rockowa\" \/>\n<meta property=\"article:published_time\" content=\"2020-06-20T14:37:10+00:00\" \/>\n<meta property=\"article:modified_time\" content=\"2023-09-12T13:23:39+00:00\" \/>\n<meta property=\"og:image\" content=\"http:\/\/petrock.pl\/wp-content\/uploads\/2020\/06\/12014995_1036537833047806_7642498322837145625_o.jpg\" \/>\n\t<meta property=\"og:image:width\" content=\"2048\" \/>\n\t<meta property=\"og:image:height\" content=\"1362\" \/>\n\t<meta property=\"og:image:type\" content=\"image\/jpeg\" \/>\n<meta name=\"author\" content=\"triku\" \/>\n<meta name=\"twitter:card\" content=\"summary_large_image\" \/>\n<meta name=\"twitter:label1\" content=\"Napisane przez\" \/>\n\t<meta name=\"twitter:data1\" content=\"triku\" \/>\n\t<meta name=\"twitter:label2\" content=\"Szacowany czas czytania\" \/>\n\t<meta name=\"twitter:data2\" content=\"19 minut\" \/>\n<script type=\"application\/ld+json\" class=\"yoast-schema-graph\">{\"@context\":\"https:\/\/schema.org\",\"@graph\":[{\"@type\":\"WebPage\",\"@id\":\"http:\/\/petrock.pl\/?p=551\",\"url\":\"http:\/\/petrock.pl\/?p=551\",\"name\":\"O Defilu, Kasprzaku i szatanie, kt\u00f3ry zamieszka\u0142 w P\u0142ocku - P\u0142ocka Scena Rockowa\",\"isPartOf\":{\"@id\":\"http:\/\/petrock.pl\/#website\"},\"datePublished\":\"2020-06-20T14:37:10+00:00\",\"dateModified\":\"2023-09-12T13:23:39+00:00\",\"author\":{\"@id\":\"http:\/\/petrock.pl\/#\/schema\/person\/1076715a2aab9cc2f532a5a50ff01efa\"},\"breadcrumb\":{\"@id\":\"http:\/\/petrock.pl\/?p=551#breadcrumb\"},\"inLanguage\":\"pl-PL\",\"potentialAction\":[{\"@type\":\"ReadAction\",\"target\":[\"http:\/\/petrock.pl\/?p=551\"]}]},{\"@type\":\"BreadcrumbList\",\"@id\":\"http:\/\/petrock.pl\/?p=551#breadcrumb\",\"itemListElement\":[{\"@type\":\"ListItem\",\"position\":1,\"name\":\"Strona g\u0142\u00f3wna\",\"item\":\"http:\/\/petrock.pl\/\"},{\"@type\":\"ListItem\",\"position\":2,\"name\":\"O Defilu, Kasprzaku i szatanie, kt\u00f3ry zamieszka\u0142 w P\u0142ocku\"}]},{\"@type\":\"WebSite\",\"@id\":\"http:\/\/petrock.pl\/#website\",\"url\":\"http:\/\/petrock.pl\/\",\"name\":\"P\u0142ocka Scena Rockowa\",\"description\":\"Wywiady Biografie Koncerty Recenzje\",\"potentialAction\":[{\"@type\":\"SearchAction\",\"target\":{\"@type\":\"EntryPoint\",\"urlTemplate\":\"http:\/\/petrock.pl\/?s={search_term_string}\"},\"query-input\":\"required name=search_term_string\"}],\"inLanguage\":\"pl-PL\"},{\"@type\":\"Person\",\"@id\":\"http:\/\/petrock.pl\/#\/schema\/person\/1076715a2aab9cc2f532a5a50ff01efa\",\"name\":\"triku\",\"image\":{\"@type\":\"ImageObject\",\"inLanguage\":\"pl-PL\",\"@id\":\"http:\/\/petrock.pl\/#\/schema\/person\/image\/\",\"url\":\"http:\/\/petrock.pl\/wp-content\/uploads\/2020\/04\/72958688_2440203412695825_9198237652015382528_o.jpg\",\"contentUrl\":\"http:\/\/petrock.pl\/wp-content\/uploads\/2020\/04\/72958688_2440203412695825_9198237652015382528_o.jpg\",\"caption\":\"triku\"},\"url\":\"http:\/\/petrock.pl\/?author=7\"}]}<\/script>\n<!-- \/ Yoast SEO plugin. -->","yoast_head_json":{"title":"O Defilu, Kasprzaku i szatanie, kt\u00f3ry zamieszka\u0142 w P\u0142ocku - P\u0142ocka Scena Rockowa","robots":{"index":"index","follow":"follow","max-snippet":"max-snippet:-1","max-image-preview":"max-image-preview:large","max-video-preview":"max-video-preview:-1"},"canonical":"http:\/\/petrock.pl\/?p=551","og_locale":"pl_PL","og_type":"article","og_title":"O Defilu, Kasprzaku i szatanie, kt\u00f3ry zamieszka\u0142 w P\u0142ocku - P\u0142ocka Scena Rockowa","og_description":"M\u00f3j pierwszy wywiad na stonce o p\u0142ockiej scenie rockowej postanowi\u0142em przeprowadzi\u0107 z&nbsp;Mariuszem \u201eMarianem\u201d \u015amigielskim&nbsp;(Concatenation, Necrosodomistical Slaughter, Parh, ex- Zakaz, ex-Belweder, ex-Thorn, ex-Cranthorpe),&nbsp;kt\u00f3ry jako gitarzysta i [...]","og_url":"http:\/\/petrock.pl\/?p=551","og_site_name":"P\u0142ocka Scena Rockowa","article_published_time":"2020-06-20T14:37:10+00:00","article_modified_time":"2023-09-12T13:23:39+00:00","og_image":[{"width":2048,"height":1362,"url":"http:\/\/petrock.pl\/wp-content\/uploads\/2020\/06\/12014995_1036537833047806_7642498322837145625_o.jpg","type":"image\/jpeg"}],"author":"triku","twitter_card":"summary_large_image","twitter_misc":{"Napisane przez":"triku","Szacowany czas czytania":"19 minut"},"schema":{"@context":"https:\/\/schema.org","@graph":[{"@type":"WebPage","@id":"http:\/\/petrock.pl\/?p=551","url":"http:\/\/petrock.pl\/?p=551","name":"O Defilu, Kasprzaku i szatanie, kt\u00f3ry zamieszka\u0142 w P\u0142ocku - P\u0142ocka Scena Rockowa","isPartOf":{"@id":"http:\/\/petrock.pl\/#website"},"datePublished":"2020-06-20T14:37:10+00:00","dateModified":"2023-09-12T13:23:39+00:00","author":{"@id":"http:\/\/petrock.pl\/#\/schema\/person\/1076715a2aab9cc2f532a5a50ff01efa"},"breadcrumb":{"@id":"http:\/\/petrock.pl\/?p=551#breadcrumb"},"inLanguage":"pl-PL","potentialAction":[{"@type":"ReadAction","target":["http:\/\/petrock.pl\/?p=551"]}]},{"@type":"BreadcrumbList","@id":"http:\/\/petrock.pl\/?p=551#breadcrumb","itemListElement":[{"@type":"ListItem","position":1,"name":"Strona g\u0142\u00f3wna","item":"http:\/\/petrock.pl\/"},{"@type":"ListItem","position":2,"name":"O Defilu, Kasprzaku i szatanie, kt\u00f3ry zamieszka\u0142 w P\u0142ocku"}]},{"@type":"WebSite","@id":"http:\/\/petrock.pl\/#website","url":"http:\/\/petrock.pl\/","name":"P\u0142ocka Scena Rockowa","description":"Wywiady Biografie Koncerty Recenzje","potentialAction":[{"@type":"SearchAction","target":{"@type":"EntryPoint","urlTemplate":"http:\/\/petrock.pl\/?s={search_term_string}"},"query-input":"required name=search_term_string"}],"inLanguage":"pl-PL"},{"@type":"Person","@id":"http:\/\/petrock.pl\/#\/schema\/person\/1076715a2aab9cc2f532a5a50ff01efa","name":"triku","image":{"@type":"ImageObject","inLanguage":"pl-PL","@id":"http:\/\/petrock.pl\/#\/schema\/person\/image\/","url":"http:\/\/petrock.pl\/wp-content\/uploads\/2020\/04\/72958688_2440203412695825_9198237652015382528_o.jpg","contentUrl":"http:\/\/petrock.pl\/wp-content\/uploads\/2020\/04\/72958688_2440203412695825_9198237652015382528_o.jpg","caption":"triku"},"url":"http:\/\/petrock.pl\/?author=7"}]}},"_links":{"self":[{"href":"http:\/\/petrock.pl\/index.php?rest_route=\/wp\/v2\/posts\/551"}],"collection":[{"href":"http:\/\/petrock.pl\/index.php?rest_route=\/wp\/v2\/posts"}],"about":[{"href":"http:\/\/petrock.pl\/index.php?rest_route=\/wp\/v2\/types\/post"}],"author":[{"embeddable":true,"href":"http:\/\/petrock.pl\/index.php?rest_route=\/wp\/v2\/users\/7"}],"replies":[{"embeddable":true,"href":"http:\/\/petrock.pl\/index.php?rest_route=%2Fwp%2Fv2%2Fcomments&post=551"}],"version-history":[{"count":58,"href":"http:\/\/petrock.pl\/index.php?rest_route=\/wp\/v2\/posts\/551\/revisions"}],"predecessor-version":[{"id":3900,"href":"http:\/\/petrock.pl\/index.php?rest_route=\/wp\/v2\/posts\/551\/revisions\/3900"}],"wp:featuredmedia":[{"embeddable":true,"href":"http:\/\/petrock.pl\/index.php?rest_route=\/wp\/v2\/media\/547"}],"wp:attachment":[{"href":"http:\/\/petrock.pl\/index.php?rest_route=%2Fwp%2Fv2%2Fmedia&parent=551"}],"wp:term":[{"taxonomy":"category","embeddable":true,"href":"http:\/\/petrock.pl\/index.php?rest_route=%2Fwp%2Fv2%2Fcategories&post=551"},{"taxonomy":"post_tag","embeddable":true,"href":"http:\/\/petrock.pl\/index.php?rest_route=%2Fwp%2Fv2%2Ftags&post=551"}],"curies":[{"name":"wp","href":"https:\/\/api.w.org\/{rel}","templated":true}]}}