{"id":860,"date":"2020-07-10T12:19:24","date_gmt":"2020-07-10T12:19:24","guid":{"rendered":"http:\/\/petrock.pl\/?p=860"},"modified":"2023-09-12T15:22:11","modified_gmt":"2023-09-12T13:22:11","slug":"bezlitosne-ciosy-prosto-w-ryj","status":"publish","type":"post","link":"http:\/\/petrock.pl\/?p=860","title":{"rendered":"Bezlitosne ciosy prosto w ryj"},"content":{"rendered":"\n<p>W zwi\u0105zku z tym, \u017ce jestem w trakcie przygotowywania biografii p\u0142ockich band\u00f3w na liter\u0119 B, postanowi\u0142em tym razem porozmawia\u0107 z Jakubem \u201eLeftem\u201d Lewandowskim, kt\u00f3ry jest frontmanem zespo\u0142u <strong><a href=\"http:\/\/petrock.pl\/?page_id=879\" target=\"_blank\" rel=\"noreferrer noopener\">Baalberith<\/a><\/strong>. Jakub urodzi\u0142 si\u0119 w roku 1989 wi\u0119c z racji wieku na pewno niewiele pami\u0119ta z lat 90tych, kiedy w P\u0142ocku by\u0142 istny wysyp kapel graj\u0105cych ci\u0119\u017csze odmiany rocka (a mo\u017ce tak tylko mi si\u0119 wydaje?). Jednak, \u017ceby by\u0142o sprawiedliwie (ja niestety mam olbrzymi\u0105 \u201edziur\u0119 w g\u0142owie\u201d je\u015bli chodzi o muzyczn\u0105 pierwsza dekad\u0119 XXI wieku) chcia\u0142em podpyta\u0107 Jakuba m.in. o to co on pami\u0119ta z czas\u00f3w kiedy by\u0142 nastolatkiem, jakie odczucia towarzyszy\u0142y mu s\u0142ysz\u0105c pierwsze d\u017awi\u0119ki na \u017cywo s\u0105cz\u0105ce si\u0119 z lokalnych scen oraz o jego emocje zwi\u0105zane z graniem w zespole i jego pierwszym publicznym wyst\u0119pem. Z rozmowy dowiedzia\u0142em si\u0119 m.in., \u017ce Lewy wyst\u0119powa\u0142 jeszcze w innych bandach zanim postanowi\u0142 razem z kolegami wskrzesi\u0107 Baalberith<strong>. <\/strong>Zreszt\u0105 przeczytajcie sami !<\/p>\n\n\n\n<figure class=\"is-layout-flex wp-block-gallery-1 wp-block-gallery has-nested-images columns-default is-cropped\">\n<figure class=\"wp-block-image size-large\"><a href=\"http:\/\/petrock.pl\/wp-content\/uploads\/2020\/07\/74677022_1009968766004575_6829921444378443776_o.jpg\"><img decoding=\"async\" loading=\"lazy\" width=\"1024\" height=\"768\" data-id=\"864\"  src=\"http:\/\/petrock.pl\/wp-content\/uploads\/2020\/07\/74677022_1009968766004575_6829921444378443776_o-1024x768.jpg\" alt=\"\" class=\"wp-image-864\" srcset=\"http:\/\/petrock.pl\/wp-content\/uploads\/2020\/07\/74677022_1009968766004575_6829921444378443776_o-1024x768.jpg 1024w, http:\/\/petrock.pl\/wp-content\/uploads\/2020\/07\/74677022_1009968766004575_6829921444378443776_o-300x225.jpg 300w, http:\/\/petrock.pl\/wp-content\/uploads\/2020\/07\/74677022_1009968766004575_6829921444378443776_o-768x576.jpg 768w, http:\/\/petrock.pl\/wp-content\/uploads\/2020\/07\/74677022_1009968766004575_6829921444378443776_o-1536x1152.jpg 1536w, http:\/\/petrock.pl\/wp-content\/uploads\/2020\/07\/74677022_1009968766004575_6829921444378443776_o-678x509.jpg 678w, http:\/\/petrock.pl\/wp-content\/uploads\/2020\/07\/74677022_1009968766004575_6829921444378443776_o-326x245.jpg 326w, http:\/\/petrock.pl\/wp-content\/uploads\/2020\/07\/74677022_1009968766004575_6829921444378443776_o-80x60.jpg 80w, http:\/\/petrock.pl\/wp-content\/uploads\/2020\/07\/74677022_1009968766004575_6829921444378443776_o.jpg 2048w\" sizes=\"(max-width: 1024px) 100vw, 1024px\" \/><\/a><\/figure>\n<figcaption class=\"blocks-gallery-caption wp-element-caption\"><em>&#8211; zesp\u00f3\u0142 Baalberith &#8211; fot. z archiwum zespo\u0142u<\/em><\/figcaption><\/figure>\n\n\n\n<p><em>Opowiedz pokr\u00f3tce o zespole Baalberith. Jak to si\u0119 sta\u0142o, \u017ce zacz\u0119li\u015bcie gra\u0107 ze sob\u0105 ?? Od kogo wysz\u0142a inicjatywa za\u0142o\u017cenia kapeli ?<\/em><\/p>\n\n\n\n<p>Baalberith powsta\u0142 w zasadzie spontanicznie. wracali\u015bmy z jakiej\u015b pr\u00f3by z P\u0142o\u0144ska wraz z Remem i Tomkiem. Grali\u015bmy wtedy wszyscy w p\u0142ocko p\u0142o\u0144skim <strong>Karcharoth<\/strong>. Uciek\u0142o nam kilka koncert\u00f3w przez ma\u0142e niedom\u00f3wienia i zacz\u0119li\u015bmy g\u0142o\u015bno rozmawia\u0107 by mo\u017ce zacz\u0105\u0107 dzia\u0142a\u0107 na w\u0142asn\u0105 r\u0119k\u0119. Jeszcze przed dojazdem do P\u0142ocka mieli\u015bmy wybran\u0105 nazw\u0119. Wyci\u0105gn\u0105\u0142em telefon zacz\u0105\u0142em grzeba\u0107 w diabelskich imionach i trafili\u015bmy na Baalberith-a. W skr\u00f3cie w\u0142a\u015bnie tak narodzi\u0142 si\u0119 Baalberith. Reszta w notce biograficznej kapel na B na Twojej zajebistej stronie \ud83d\ude09 !<\/p>\n\n\n\n<p><em>W 2017 roku nagrali\u015bcie split z innym p\u0142ockim bandem <\/em><em>Parh<\/em><em> pt. \u201eTotal Regression Of Humanity\u201d. Opowiedz mi jak dosz\u0142o do waszej integracji muzycznej z Parh-em ?<\/em><\/p>\n\n\n\n<p>Propozycja w zasadzie wyp\u0142yn\u0119\u0142a od <strong>Parh<\/strong>-a, a dok\u0142adnie od Szkiela, znali\u015bmy si\u0119 od d\u0142ugiego czasu, Szkielo widzia\u0142 nas na scenie, najwidoczniej w jakim\u015b stopniu przypadli\u015bmy mu do gustu \ud83d\ude09 Wyszed\u0142 z propozycj\u0105, przyklasn\u0119li\u015bmy i zacz\u0119li\u015bmy dzia\u0142a\u0107. Bez spinania po\u015blad\u00f3w wysz\u0142a fajna zabawa i przyjemny split. Ewidentnie mo\u017cna potraktowa\u0107 to jak wyci\u0105gni\u0119ta ku nam r\u0119ka od bardziej do\u015bwiadczonych koleg\u00f3w \ud83d\ude09<\/p>\n\n\n\n<p><em>Jak by\u015b okre\u015bli\u0142 styl muzyczny kt\u00f3ry gracie ?? Jak\u0105 muz\u0105 si\u0119 inspirujecie tworz\u0105c kolejne kawa\u0142ki ?<\/em><\/p>\n\n\n\n<p>Nie b\u0119d\u0119 oryginalny, to co gramy to death metal, stara jego szko\u0142a bo i my najm\u0142odsi nie jeste\u015bmy. Czasem lekko barwimy go blackowymi wstawkami, raczej buduj\u0105cymi klimat w wolnych momentach. Co do inspiracji w g\u0142owach gra nam zbyt du\u017co i ze zbyt wielu szaf graj\u0105cych by wskaza\u0107 konkrety. Inspiruje nas Metal !<\/p>\n\n\n\n<p><em>Na wiosn\u0119 tego roku nagrali\u015bcie w Gara\u017c Studio materia\u0142 na pe\u0142nego LP, kt\u00f3ry z tego co wiem b\u0119dzie nazywa\u0107 si\u0119 Manhunt. Opowiedz co\u015b o tym materiale. Jak wygl\u0105da\u0142a praca w studio ? Czy b\u0119dzie si\u0119 r\u00f3\u017cni\u0142 od tego co zaprezentowali\u015bcie na splicie z Parhem ?<\/em><\/p>\n\n\n\n<p>Masz dobrego informatora hahah. Faktycznie jeste\u015bmy na ostatniej prostej przy pracy nad pierwszym LP. I tak masz racj\u0119, tytu\u0142 tego wydawnictwa to Manhunt \u2013 to pierwszy raz gdy kto\u015b si\u0119 o tym dowie. Prace przebieg\u0142ych pod czujnym okiem Mateusza Szulborskiego, to \u015bwietny d\u017awi\u0119kowiec i muzyk, a przy okazji m\u00f3j wieloletni przyjaciel i \u015bwiadek na moim \u015blubie, wi\u0119c wyb\u00f3r by\u0142 jakby oczywisty. \u015awiatowa pandemia nieco op\u00f3\u017ani\u0142a prace, do tego dosz\u0142y prywatne perturbacje u jednego z cz\u0142onk\u00f3w Baalberith, ale nie chc\u0119 o tym opowiada\u0107 publicznie. Tak czy inaczej p\u0142yta niebawem b\u0119dzie w naszych r\u0119kach. Czy b\u0119dzie inaczej ni\u017c na splicie z PARH-em? B\u0119dzie zupe\u0142nie inaczej. Ten materia\u0142 sk\u0142ada\u0142 si\u0119 b\u0119dzie z siedmiu bezlitosnych cios\u00f3w prosto w ryj i b\u0119dzie wybija\u0142 z\u0119by \u2013 obiecuj\u0119.<\/p>\n\n\n\n<figure class=\"is-layout-flex wp-block-gallery-3 wp-block-gallery has-nested-images columns-default is-cropped\">\n<figure class=\"wp-block-image size-large\"><a href=\"http:\/\/petrock.pl\/wp-content\/uploads\/2020\/07\/received_2378265162463867.jpeg\"><img decoding=\"async\" loading=\"lazy\" width=\"1024\" height=\"768\" data-id=\"869\"  src=\"http:\/\/petrock.pl\/wp-content\/uploads\/2020\/07\/received_2378265162463867-1024x768.jpeg\" alt=\"\" class=\"wp-image-869\" srcset=\"http:\/\/petrock.pl\/wp-content\/uploads\/2020\/07\/received_2378265162463867-1024x768.jpeg 1024w, http:\/\/petrock.pl\/wp-content\/uploads\/2020\/07\/received_2378265162463867-300x225.jpeg 300w, http:\/\/petrock.pl\/wp-content\/uploads\/2020\/07\/received_2378265162463867-768x576.jpeg 768w, http:\/\/petrock.pl\/wp-content\/uploads\/2020\/07\/received_2378265162463867-1536x1152.jpeg 1536w, http:\/\/petrock.pl\/wp-content\/uploads\/2020\/07\/received_2378265162463867-678x509.jpeg 678w, http:\/\/petrock.pl\/wp-content\/uploads\/2020\/07\/received_2378265162463867-326x245.jpeg 326w, http:\/\/petrock.pl\/wp-content\/uploads\/2020\/07\/received_2378265162463867-80x60.jpeg 80w, http:\/\/petrock.pl\/wp-content\/uploads\/2020\/07\/received_2378265162463867.jpeg 1560w\" sizes=\"(max-width: 1024px) 100vw, 1024px\" \/><\/a><\/figure>\n<figcaption class=\"blocks-gallery-caption wp-element-caption\"><em>&#8211; zesp\u00f3\u0142 Baalberith &#8211; fot. archiwum zespo\u0142u<\/em><\/figcaption><\/figure>\n\n\n\n<p><em>Czy macie ju\u017c wydawc\u0119 na ten materia\u0142 ? Kiedy p\u0142yta ujrzy \u015bwiat\u0142o dzienne ??<\/em><\/p>\n\n\n\n<p>Nie mamy jeszcze wydawcy, wiem \u017ce Remigiusz prowadzi rozmowy z kilkoma labelami, co z tego b\u0119dzie? Zobaczymy. Mamy nadziej\u0119, \u017ce jeszcze w tym roku Manhunt wyl\u0105duje w waszych odtwarzaczach.<\/p>\n\n\n\n<p><em>Czy zanim za\u0142o\u017cyli\u015bcie zesp\u00f3\u0142 Baalberith wyst\u0119powa\u0142e\u015b w jakim\u015b innym bandzie ?<\/em><\/p>\n\n\n\n<p>Tak, zanim powsta\u0142 Baalberith aktywnie dzia\u0142a\u0142em na scenie, zaczyna\u0142em jeszcze w szkolnych projektach, p\u00f3\u017aniej powsta\u0142 Arteriosclerosic \u2013 chwilowy projekt, kt\u00f3ry w sumie nigdy nie zaistnia\u0142, ale gdzie\u015b na WO\u015aP zagra\u0142. By\u0142a to raczej zabawa, w kt\u00f3rej siedzia\u0142em po uszy z Rogalem \u2013 ex wokalist\u0105 takich kapel p\u0142ockich kapel jak <strong>NOB<\/strong> czy <strong>F44.3<\/strong>. Je\u015bli m\u00f3wmy o czym\u015b \u201epowa\u017cnym\u201d na p\u0142ockiej scenie to oko\u0142o 2006 roku do\u0142\u0105czy\u0142em do <strong>Kingdom<\/strong> gdzie gra\u0142em na basie mniej wi\u0119cej do 2014 roku. Wsp\u00f3lnie nagrali\u015bmy debiut \u201eUnholy Graveyard\u201d gdzie odpowiedzialny by\u0142em za wokal (growl) i bas, Ep \u201eTemple of Death\u201d r\u00f3wnie\u017c bas i wokal oraz 2LP \u201eMorbid Priest Of Supreme Blasphemy\u201d gdzie ju\u017c odpowiedzialny by\u0142em tylko za bas. Gdy nasze drogi si\u0119 rozesz\u0142y, na chwil\u0119 do\u0142\u0105czy\u0142em na wokal do Karcharoth, o kt\u00f3rym ju\u017c wspomina\u0142em.<\/p>\n\n\n\n<p><em>Opowiedz o tym co pami\u0119tasz z \u201emuzycznego p\u0142ocka\u201d kiedy by\u0142e\u015b jeszcze m\u0142okosem ?<\/em><\/p>\n\n\n\n<p>Nie umiem dok\u0142adnie stwierdzi\u0107 kiedy wszed\u0142em w muzyczny P\u0142ock i jego towarzyszy. Na pewno zas\u0142uga w tym mojego o trzy lata starszego brata, kt\u00f3ry gra\u0142 p\u00f3\u017aniej na basie w NOB, gdy ja siedzia\u0142em w domu i po kryjomu przes\u0142uchiwa\u0142em jego p\u0142yt, on wychodzi\u0142 do miasta z \u201eekip\u0105\u201d. Do domu przychodzili r\u00f3\u017cni znajomi, tak na pewno pozna\u0142em Jakuba Kamienia Kami\u0144skiego p\u00f3\u017aniej tworzy\u0142 p\u0142ock\u0105 scen\u0119 HC. Oni znali si\u0119 ze szko\u0142y ja go poznawa\u0142em przez to, \u017ce przychodzi\u0142 do nas do mieszkania jak byli rodzice, lub jak ich nie by\u0142o \u2013 wtedy te\u017c pozna\u0142em smak taniego wina brzoskwiniowego hahaha. Po wyprowadzce za miasto pami\u0119tam, \u017ce przyjecha\u0142 kiedy\u015b Kuba Teleskop Urbaniak, co\u015b kombinowali na komputerze przy nagraniach jakiego\u015b dema <strong>Stronghold<\/strong>, nie pami\u0119tam dok\u0142adnie co tam si\u0119 dzia\u0142o, ale tak na pewno go pozna\u0142em. P\u00f3\u017aniej Krzysztof Stasiek Stanis\u0142awczyk bywa\u0142 u nas wielokrotnie. By\u0142 czas, \u017ce zostawa\u0142 na kilka dni, rozmawiali\u015bmy o muzyce. Pami\u0119tam jak przekonywa\u0142 mnie do Kinga Diamonda, kt\u00f3rego nie mog\u0142em znie\u015b\u0107 ze wzgl\u0119du na jego wokal. Teraz jest moim metalowym Bogiem \ud83d\ude42 My\u015bl\u0119, \u017ce najwi\u0119cej kontakt\u00f3w z\u0142apa\u0142em na osiemnastce brata. By\u0142 tam Sobiech, Ostry, Bu\u0142a, Budzik, chyba Jachu i przypuszczam \u017ce wielu innych, kt\u00f3rych nie pami\u0119tam z tej imprezy. Nawi\u0105za\u0142y si\u0119 pierwsze znajomo\u015bci i wtedy r\u00f3wnie\u017c ja zacz\u0105\u0142em wychodzi\u0107 do miasta, a brat zacz\u0105\u0142 odchodzi\u0107 od tej muzyki. Scena wtedy by\u0142a silna, pami\u0119tam kanciap\u0119 u Baran\u00f3w w Imielnicy gdzie poznawa\u0142em wiele zespo\u0142\u00f3w. <strong>Psychodeliczne<\/strong> <strong>\u017belki<\/strong>, <strong>Centuriona<\/strong>, <strong>Trismusa<\/strong> i wielu innych. Ka\u017cdy koncert jaki by\u0142 w P\u0142ocku by\u0142 czym\u015b niemal obowi\u0105zkowym do odhaczenia, a dzia\u0142o si\u0119 wtedy co nieco. Pami\u0119tam koncerty w Pubie Grodzkim, w Rock69 (ten klub pami\u0119tam chyba w trzech ods\u0142onach, pocz\u0105wszy od tego z murowanymi lo\u017cami), na ogr\u00f3dkach Mosiru. W\u0142osy ros\u0142y, koszulki z rockowych zmienia\u0142y si\u0119 na strocte metalowe, a ja wkracza\u0142em w towarzystwo. W mi\u0119dzyczasie gdzie\u015b zahaczy\u0142em o \u201epolowanie na satanist\u00f3w\u201d w P\u0142ocku. Mo\u017ce nie jako\u015b bardzo osobi\u015bcie, ale ju\u017c wtedy chodzi\u0142o si\u0119 w metalowych koszulkach do szko\u0142y i wraca\u0142o si\u0119 najkr\u00f3tsz\u0105 i najszybsz\u0105 tras\u0105 po lekcjach. To by\u0142y fajne czasy, kt\u00f3re bardzo mi\u0142o wspominam. Fajnie by by\u0142o gdyby jaka\u015b m\u0142oda metalowa ekipa zn\u00f3w gdzie\u015b ros\u0142a w tym mie\u015bcie.<\/p>\n\n\n\n<p><em>Czy pami\u0119tasz sw\u00f3j pierwszy koncert w P\u0142ocku na kt\u00f3rym by\u0142e\u015b ? Gdzie to by\u0142o ? Kto wtedy gra\u0142 ?<\/em><\/p>\n\n\n\n<p>Przypuszczam, \u017ce by\u0142 to koncert w studenckim klubie Filip w Wcze\u015bniaku, gra\u0142 wtedy Christ Agony, niewiele pami\u0119tam z tego koncertu, wiem, \u017ce tam by\u0142em, mam nawet bilet z tego wydarzenia. Mia\u0142em mo\u017ce 14 lat. Potem na pewno by\u0142y koncerty na rockowych ogr\u00f3dkach w R69. Wtedy chodzi\u0142o si\u0119 niemal na wszystko co si\u0119 w P\u0142ocku dzia\u0142o i st\u0105d nazbiera\u0142o si\u0119 sporo wspomnie\u0144, kt\u00f3re to z biegiem czasu si\u0119 sprasowa\u0142y na tyle, \u017ce ci\u0119\u017cko przypisa\u0107 do koncert\u00f3w konkretne daty. M\u00f3j zeszyt z biletami jednak podpowiada, \u017ce by\u0142 to wspomniany Christ Agony w Filipie. Jedno jest pewne do ko\u0144ca \u017cycia b\u0119d\u0119 pami\u0119ta\u0142 koncert Vomit w Pubie Grodzkim \ud83d\ude09 Kto by\u0142 ten wie haha<\/p>\n\n\n\n<p><em>Czy by\u0142y w tamtym czasie jakie\u015b lokalne zespo\u0142y, kt\u00f3re wywiera\u0142y na Tobie wra\u017cenie ?<\/em><\/p>\n\n\n\n<p>Ohhh a jak\u017ce ! Pami\u0119tam jakim niemal kultem dla mnie by\u0142o obcowanie z Centurionem, bo \u201eto ten Sobiech\u201d. Mia\u0142em mo\u017ce 14 lat i to by\u0142o jak wkroczenie do piek\u0142a. Pami\u0119tam te\u017c gdy us\u0142ysza\u0142em In Embrance of Twilight p\u0142ockiego Trismus-a. Do dzi\u015b uwa\u017cam, \u017ce to przezajebisty materia\u0142 i nieod\u017ca\u0142owany sk\u0142ad z naszego podw\u00f3rka. Jako dzieciak widzia\u0142em ich na koncercie w pubie Grodzkim. \u015aliwa ma niesamowity wokal, no i to by\u0142 \u201eten \u015aliwa z Centurion-a\u201d\u2026wiesz kolana mi\u0119k\u0142y, s\u0142ysza\u0142o si\u0119 co nieco o tych facetach, wtedy dla mnie obrastali do rangi legendy haha po czasie okaza\u0142o si\u0119 \u017ce przez lata napierdala\u0142em z \u015aliw\u0105 w jednym zespole.<\/p>\n\n\n\n<figure class=\"is-layout-flex wp-block-gallery-5 wp-block-gallery has-nested-images columns-default is-cropped\">\n<figure class=\"wp-block-image size-large\"><a href=\"http:\/\/petrock.pl\/wp-content\/uploads\/2020\/07\/balll-2.jpg\"><img decoding=\"async\" loading=\"lazy\" width=\"1024\" height=\"767\" data-id=\"873\"  src=\"http:\/\/petrock.pl\/wp-content\/uploads\/2020\/07\/balll-2-1024x767.jpg\" alt=\"\" class=\"wp-image-873\" srcset=\"http:\/\/petrock.pl\/wp-content\/uploads\/2020\/07\/balll-2-1024x767.jpg 1024w, http:\/\/petrock.pl\/wp-content\/uploads\/2020\/07\/balll-2-300x225.jpg 300w, http:\/\/petrock.pl\/wp-content\/uploads\/2020\/07\/balll-2-768x575.jpg 768w, http:\/\/petrock.pl\/wp-content\/uploads\/2020\/07\/balll-2-678x509.jpg 678w, http:\/\/petrock.pl\/wp-content\/uploads\/2020\/07\/balll-2-326x245.jpg 326w, http:\/\/petrock.pl\/wp-content\/uploads\/2020\/07\/balll-2-80x60.jpg 80w, http:\/\/petrock.pl\/wp-content\/uploads\/2020\/07\/balll-2.jpg 1296w\" sizes=\"(max-width: 1024px) 100vw, 1024px\" \/><\/a><\/figure>\n<figcaption class=\"blocks-gallery-caption wp-element-caption\"><em>&#8211; zesp\u00f3\u0142 Ballberith &#8211; fot. archiwum zespo\u0142u <\/em><\/figcaption><\/figure>\n\n\n\n<p><em>Czy pami\u0119tasz sw\u00f3j pierwszy wyst\u0119p na \u017cywo ? Jakie emocje wtedy Tobie towarzyszy\u0142y ? Gdzie to by\u0142o ?<\/em><\/p>\n\n\n\n<p>Pierwszy raz na scen\u0119 wyszed\u0142em na pewno w gimnazjum, gra\u0142em na basie w szkolnej kapeli covery starych polskich rockowych zespo\u0142\u00f3w typu Lady Pank czy Perfekt. P\u00f3\u017aniej w liceum pozna\u0142em si\u0119 z Rogalem, by\u0142a to bardzo intensywna znajomo\u015b\u0107 zar\u00f3wno pod k\u0105tem towarzysko alkoholowym jak i muzycznym, wtedy na pewno to stan\u0105\u0142em pierwszy raz na scenie w \u201ew\u0142asnym\u201d zespole, zapewne by\u0142 to jaki\u015b OSP w Sannikach czy inna dziura, ale by\u0142a to \u015bwietna zabawa. Je\u015bli chodzi o metalowe granie to na scen\u0119 wyszed\u0142em p\u00f3\u017ano, jako \u017ce przez lata gra\u0142em w Kingdom, a Kingdom nie koncertowa\u0142 wtedy wcale, to na dechy wyszed\u0142em pierwszy raz z Baalberith-em. By\u0142 to koncert w Rock69 21 maja 2016 roku. Grali\u015bmy przed Sphere i Necrosodomistical Slaughter. Emocje jakie mi towarzyszy\u0142y \u2013 wydaje mi si\u0119 i mam nadziej\u0119 \u017ce zawsze tak b\u0119dzie. Jest to podniecenie i rado\u015b\u0107, \u017ce mog\u0119 sta\u0107 na scenie, spe\u0142nia\u0107 swoje muzyczne marzenia i bawi\u0107 si\u0119 muzyk\u0105.<\/p>\n\n\n\n<p><em>Jak oceniasz to co dzieje si\u0119 teraz w muzyce rockowej w P\u0142ocku ?<\/em><\/p>\n\n\n\n<p>Zawsze uwa\u017ca\u0142em, \u017ce p\u0142ocka scena by\u0142a i jest siln\u0105 scen\u0105 rockowo-metalow\u0105. Na naszym podw\u00f3rku s\u0105 \u015bwietne zespo\u0142y chocia\u017cby Leshy, Concatenation, Parh, Varnheim, Rigor Mortiss. Jedyne co mo\u017ce niepokoi\u0107 to fakt, \u017ce mimo i\u017c powstaj\u0105 co jaki\u015b czas nowe zespo\u0142y, to ludzie je tworz\u0105cy si\u0119 nie zmieniaj\u0105. Ale p\u0142ocka scena jest silna i g\u0142\u0119boko wierz\u0119, \u017ce b\u0119dzie tylko ros\u0142a w si\u0142\u0119.<\/p>\n\n\n\n<p><em>Czy s\u0105 zespo\u0142y, kt\u00f3re uwa\u017casz, \u017ce s\u0105 godne uwagi i maj\u0105 szanse zaistnie\u0107 poza P\u0142ockiem ?<\/em><\/p>\n\n\n\n<p>Odpowiem kr\u00f3tko Leshy i Varnheim. O tych kapelach b\u0119dzie g\u0142o\u015bno. Jest jeszcze Black Mad Lice, osobi\u015bcie uwa\u017ca, \u017ce technicznie ten zesp\u00f3\u0142 przewy\u017csza \u00be kapel w Polsce, nie tylko w P\u0142ocku. To kapela, kt\u00f3ra powinna sta\u0107 na scenach Europy na najwi\u0119kszych festiwalach. I szczerze nie wiem kurwa nie wiem co posz\u0142o nie tak \u017ce nie mog\u0119 w youtube wpisa\u0107 Black Mad Lice &#8211; Wacken Live \ud83d\ude00<\/p>\n\n\n\n<p><em>Kt\u00f3re p\u0142yty zespo\u0142\u00f3w z P\u0142ocka najbardziej lubisz (uwa\u017casz za najciekawsze) ? Dlaczego ?<\/em><\/p>\n\n\n\n<p>Lubi\u0119 wraca\u0107 do Conquer &amp; Rule Centuriona, to by\u0142a czysta agresja dzicz i spirytus.<\/p>\n\n\n\n<p>Wspomniany gdzie\u015b wy\u017cej Trismus mam ogromny sentyment do tego materia\u0142u.<br>Bardzo lubi\u0119 The Old Crone, co prawda ich pocz\u0105tkowe nagrania nie trafia\u0142y do mnie tak jak to co prezentuj\u0105 teraz. Ale teraz bardzo lubi\u0119 i \u015bwietnie si\u0119 bawi\u0119 przy ich muzyce.<\/p>\n\n\n\n<p>Leshy du\u017co dziwnych d\u017awi\u0119k\u00f3w, du\u017co porz\u0105dnej muzyki.<\/p>\n\n\n\n<p>Varnheim jest jaka\u015b moda na tego typu black metal w Polsce, nie twierdz\u0119, \u017ce to \u017ale. Ale to co us\u0142yszymy na nowym albumie Varnheim spowoduje \u017ce opadn\u0105 nam wszystkim szcz\u0119ki. Uwierz wiem co m\u00f3wi\u0119 \ud83d\ude09<\/p>\n","protected":false},"excerpt":{"rendered":"<div class=\"mh-excerpt\"><p>W zwi\u0105zku z tym, \u017ce jestem w trakcie przygotowywania biografii p\u0142ockich band\u00f3w na liter\u0119 B, postanowi\u0142em tym razem porozmawia\u0107 z Jakubem \u201eLeftem\u201d Lewandowskim, kt\u00f3ry jest <a class=\"mh-excerpt-more\" href=\"http:\/\/petrock.pl\/?p=860\" title=\"Bezlitosne ciosy prosto w ryj\">[&#8230;]<\/a><\/p>\n<\/div>","protected":false},"author":7,"featured_media":862,"comment_status":"closed","ping_status":"open","sticky":false,"template":"","format":"standard","meta":[],"categories":[24],"tags":[],"yoast_head":"<!-- This site is optimized with the Yoast SEO plugin v21.1 - https:\/\/yoast.com\/wordpress\/plugins\/seo\/ -->\n<title>Bezlitosne ciosy prosto w ryj - P\u0142ocka Scena Rockowa<\/title>\n<meta name=\"robots\" content=\"index, follow, max-snippet:-1, max-image-preview:large, max-video-preview:-1\" \/>\n<link rel=\"canonical\" href=\"https:\/\/petrock.pl\/?p=860\" \/>\n<meta property=\"og:locale\" content=\"pl_PL\" \/>\n<meta property=\"og:type\" content=\"article\" \/>\n<meta property=\"og:title\" content=\"Bezlitosne ciosy prosto w ryj - P\u0142ocka Scena Rockowa\" \/>\n<meta property=\"og:description\" content=\"W zwi\u0105zku z tym, \u017ce jestem w trakcie przygotowywania biografii p\u0142ockich band\u00f3w na liter\u0119 B, postanowi\u0142em tym razem porozmawia\u0107 z Jakubem \u201eLeftem\u201d Lewandowskim, kt\u00f3ry jest [...]\" \/>\n<meta property=\"og:url\" content=\"https:\/\/petrock.pl\/?p=860\" \/>\n<meta property=\"og:site_name\" content=\"P\u0142ocka Scena Rockowa\" \/>\n<meta property=\"article:published_time\" content=\"2020-07-10T12:19:24+00:00\" \/>\n<meta property=\"article:modified_time\" content=\"2023-09-12T13:22:11+00:00\" \/>\n<meta property=\"og:image\" content=\"http:\/\/petrock.pl\/wp-content\/uploads\/2020\/07\/baalberith.jpg\" \/>\n\t<meta property=\"og:image:width\" content=\"1723\" \/>\n\t<meta property=\"og:image:height\" content=\"1385\" \/>\n\t<meta property=\"og:image:type\" content=\"image\/jpeg\" \/>\n<meta name=\"author\" content=\"triku\" \/>\n<meta name=\"twitter:card\" content=\"summary_large_image\" \/>\n<meta name=\"twitter:label1\" content=\"Napisane przez\" \/>\n\t<meta name=\"twitter:data1\" content=\"triku\" \/>\n\t<meta name=\"twitter:label2\" content=\"Szacowany czas czytania\" \/>\n\t<meta name=\"twitter:data2\" content=\"11 minut\" \/>\n<script type=\"application\/ld+json\" class=\"yoast-schema-graph\">{\"@context\":\"https:\/\/schema.org\",\"@graph\":[{\"@type\":\"WebPage\",\"@id\":\"https:\/\/petrock.pl\/?p=860\",\"url\":\"https:\/\/petrock.pl\/?p=860\",\"name\":\"Bezlitosne ciosy prosto w ryj - P\u0142ocka Scena Rockowa\",\"isPartOf\":{\"@id\":\"https:\/\/petrock.pl\/#website\"},\"datePublished\":\"2020-07-10T12:19:24+00:00\",\"dateModified\":\"2023-09-12T13:22:11+00:00\",\"author\":{\"@id\":\"https:\/\/petrock.pl\/#\/schema\/person\/1076715a2aab9cc2f532a5a50ff01efa\"},\"breadcrumb\":{\"@id\":\"https:\/\/petrock.pl\/?p=860#breadcrumb\"},\"inLanguage\":\"pl-PL\",\"potentialAction\":[{\"@type\":\"ReadAction\",\"target\":[\"https:\/\/petrock.pl\/?p=860\"]}]},{\"@type\":\"BreadcrumbList\",\"@id\":\"https:\/\/petrock.pl\/?p=860#breadcrumb\",\"itemListElement\":[{\"@type\":\"ListItem\",\"position\":1,\"name\":\"Strona g\u0142\u00f3wna\",\"item\":\"https:\/\/petrock.pl\/\"},{\"@type\":\"ListItem\",\"position\":2,\"name\":\"Bezlitosne ciosy prosto w ryj\"}]},{\"@type\":\"WebSite\",\"@id\":\"https:\/\/petrock.pl\/#website\",\"url\":\"https:\/\/petrock.pl\/\",\"name\":\"P\u0142ocka Scena Rockowa\",\"description\":\"Wywiady Biografie Koncerty Recenzje\",\"potentialAction\":[{\"@type\":\"SearchAction\",\"target\":{\"@type\":\"EntryPoint\",\"urlTemplate\":\"https:\/\/petrock.pl\/?s={search_term_string}\"},\"query-input\":\"required name=search_term_string\"}],\"inLanguage\":\"pl-PL\"},{\"@type\":\"Person\",\"@id\":\"https:\/\/petrock.pl\/#\/schema\/person\/1076715a2aab9cc2f532a5a50ff01efa\",\"name\":\"triku\",\"image\":{\"@type\":\"ImageObject\",\"inLanguage\":\"pl-PL\",\"@id\":\"https:\/\/petrock.pl\/#\/schema\/person\/image\/\",\"url\":\"http:\/\/petrock.pl\/wp-content\/uploads\/2020\/04\/72958688_2440203412695825_9198237652015382528_o.jpg\",\"contentUrl\":\"http:\/\/petrock.pl\/wp-content\/uploads\/2020\/04\/72958688_2440203412695825_9198237652015382528_o.jpg\",\"caption\":\"triku\"},\"url\":\"http:\/\/petrock.pl\/?author=7\"}]}<\/script>\n<!-- \/ Yoast SEO plugin. -->","yoast_head_json":{"title":"Bezlitosne ciosy prosto w ryj - P\u0142ocka Scena Rockowa","robots":{"index":"index","follow":"follow","max-snippet":"max-snippet:-1","max-image-preview":"max-image-preview:large","max-video-preview":"max-video-preview:-1"},"canonical":"https:\/\/petrock.pl\/?p=860","og_locale":"pl_PL","og_type":"article","og_title":"Bezlitosne ciosy prosto w ryj - P\u0142ocka Scena Rockowa","og_description":"W zwi\u0105zku z tym, \u017ce jestem w trakcie przygotowywania biografii p\u0142ockich band\u00f3w na liter\u0119 B, postanowi\u0142em tym razem porozmawia\u0107 z Jakubem \u201eLeftem\u201d Lewandowskim, kt\u00f3ry jest [...]","og_url":"https:\/\/petrock.pl\/?p=860","og_site_name":"P\u0142ocka Scena Rockowa","article_published_time":"2020-07-10T12:19:24+00:00","article_modified_time":"2023-09-12T13:22:11+00:00","og_image":[{"width":1723,"height":1385,"url":"http:\/\/petrock.pl\/wp-content\/uploads\/2020\/07\/baalberith.jpg","type":"image\/jpeg"}],"author":"triku","twitter_card":"summary_large_image","twitter_misc":{"Napisane przez":"triku","Szacowany czas czytania":"11 minut"},"schema":{"@context":"https:\/\/schema.org","@graph":[{"@type":"WebPage","@id":"https:\/\/petrock.pl\/?p=860","url":"https:\/\/petrock.pl\/?p=860","name":"Bezlitosne ciosy prosto w ryj - P\u0142ocka Scena Rockowa","isPartOf":{"@id":"https:\/\/petrock.pl\/#website"},"datePublished":"2020-07-10T12:19:24+00:00","dateModified":"2023-09-12T13:22:11+00:00","author":{"@id":"https:\/\/petrock.pl\/#\/schema\/person\/1076715a2aab9cc2f532a5a50ff01efa"},"breadcrumb":{"@id":"https:\/\/petrock.pl\/?p=860#breadcrumb"},"inLanguage":"pl-PL","potentialAction":[{"@type":"ReadAction","target":["https:\/\/petrock.pl\/?p=860"]}]},{"@type":"BreadcrumbList","@id":"https:\/\/petrock.pl\/?p=860#breadcrumb","itemListElement":[{"@type":"ListItem","position":1,"name":"Strona g\u0142\u00f3wna","item":"https:\/\/petrock.pl\/"},{"@type":"ListItem","position":2,"name":"Bezlitosne ciosy prosto w ryj"}]},{"@type":"WebSite","@id":"https:\/\/petrock.pl\/#website","url":"https:\/\/petrock.pl\/","name":"P\u0142ocka Scena Rockowa","description":"Wywiady Biografie Koncerty Recenzje","potentialAction":[{"@type":"SearchAction","target":{"@type":"EntryPoint","urlTemplate":"https:\/\/petrock.pl\/?s={search_term_string}"},"query-input":"required name=search_term_string"}],"inLanguage":"pl-PL"},{"@type":"Person","@id":"https:\/\/petrock.pl\/#\/schema\/person\/1076715a2aab9cc2f532a5a50ff01efa","name":"triku","image":{"@type":"ImageObject","inLanguage":"pl-PL","@id":"https:\/\/petrock.pl\/#\/schema\/person\/image\/","url":"http:\/\/petrock.pl\/wp-content\/uploads\/2020\/04\/72958688_2440203412695825_9198237652015382528_o.jpg","contentUrl":"http:\/\/petrock.pl\/wp-content\/uploads\/2020\/04\/72958688_2440203412695825_9198237652015382528_o.jpg","caption":"triku"},"url":"http:\/\/petrock.pl\/?author=7"}]}},"_links":{"self":[{"href":"http:\/\/petrock.pl\/index.php?rest_route=\/wp\/v2\/posts\/860"}],"collection":[{"href":"http:\/\/petrock.pl\/index.php?rest_route=\/wp\/v2\/posts"}],"about":[{"href":"http:\/\/petrock.pl\/index.php?rest_route=\/wp\/v2\/types\/post"}],"author":[{"embeddable":true,"href":"http:\/\/petrock.pl\/index.php?rest_route=\/wp\/v2\/users\/7"}],"replies":[{"embeddable":true,"href":"http:\/\/petrock.pl\/index.php?rest_route=%2Fwp%2Fv2%2Fcomments&post=860"}],"version-history":[{"count":16,"href":"http:\/\/petrock.pl\/index.php?rest_route=\/wp\/v2\/posts\/860\/revisions"}],"predecessor-version":[{"id":3901,"href":"http:\/\/petrock.pl\/index.php?rest_route=\/wp\/v2\/posts\/860\/revisions\/3901"}],"wp:featuredmedia":[{"embeddable":true,"href":"http:\/\/petrock.pl\/index.php?rest_route=\/wp\/v2\/media\/862"}],"wp:attachment":[{"href":"http:\/\/petrock.pl\/index.php?rest_route=%2Fwp%2Fv2%2Fmedia&parent=860"}],"wp:term":[{"taxonomy":"category","embeddable":true,"href":"http:\/\/petrock.pl\/index.php?rest_route=%2Fwp%2Fv2%2Fcategories&post=860"},{"taxonomy":"post_tag","embeddable":true,"href":"http:\/\/petrock.pl\/index.php?rest_route=%2Fwp%2Fv2%2Ftags&post=860"}],"curies":[{"name":"wp","href":"https:\/\/api.w.org\/{rel}","templated":true}]}}